{"id":172,"date":"2023-02-07T12:53:20","date_gmt":"2023-02-07T11:53:20","guid":{"rendered":"https:\/\/forhuman.mx\/blog\/?p=3136"},"modified":"2024-01-02T09:34:26","modified_gmt":"2024-01-02T15:34:26","slug":"protocolos-ante-desastres-naturales-lo-que-tu-empresa-necesita","status":"publish","type":"post","link":"https:\/\/forhuman.mx\/blog\/protocolos-ante-desastres-naturales-lo-que-tu-empresa-necesita\/","title":{"rendered":"Protocolos ante desastres naturales: Lo que tu empresa necesita"},"content":{"rendered":"\n<p>Los desastres naturales son eventos que no podemos evitar, sin embargo, son eventos que podemos prevenir y crear procesos que nos ayuden a organizar la empresa durante estos sucesos. \u00a1En este blog aprender\u00e1s sobre los protocolos ante desastres naturales!<\/p>\n\n\n\n<h2 class=\"wp-block-heading\"><strong><em>\u00bfPor qu\u00e9 es importante la creaci\u00f3n de protocolos ante desastres naturales?<\/em><\/strong><\/h2>\n\n\n\n<p>Cuando ocurre un desastre natural, el primer instinto como seres humanos es entrar en p\u00e1nico y muchas veces, no saben que se debe hacer. Sin embargo, cuando cuentas con una empresa que puede verse afectada por dicho evento natural, es necesario mantener a todo tu equipo organizado y en el estado m\u00e1s tranquilo posible para evitar posibles fallos.&nbsp;<\/p>\n\n\n\n<p>La creaci\u00f3n de <strong>planes de emergencia<\/strong> no solo sirven para que cada empleado sepa como actuar antes, durante y despu\u00e9s del desastre natural. Si no que tambi\u00e9n generan confianza con el trabajador al ser una empresa capaz de manejar este tipo de situaciones. Tambi\u00e9n sirven como un estabilizador para que los colaboradores no caigan en estado de p\u00e1nico.<\/p>\n\n\n\n<h2 class=\"wp-block-heading\"><strong><em>\u00bfQu\u00e9 puede hacer mi empresa?<\/em><\/strong><\/h2>\n\n\n\n<p>Dependiendo de la <strong>zona<\/strong> en la que se encuentre tu empresa podr\u00e1s determinar cu\u00e1les son los desastres naturales m\u00e1s posibles que sucedan: terremotos, huracanes, tsunamis o sismos, una vez que sabes estos datos, puedes comenzar a planear que hacer en esos casos.&nbsp;<\/p>\n\n\n\n<p>Por ejemplo, si tu empresa se encuentra en una zona donde los <strong>huracanes<\/strong> son m\u00e1s propensos a suceder, puedes tomar a consideraci\u00f3n las siguientes medidas:<\/p>\n\n\n\n<h3 class=\"wp-block-heading\"><em>Antes del desastre<\/em><\/h3>\n\n\n\n<ul class=\"wp-block-list\">\n<li>Revisa el plan de emergencia con tus empleados.<\/li>\n\n\n\n<li>Crea rutas de evacuaci\u00f3n.<\/li>\n\n\n\n<li>Fija el mobiliario que pueda resultar peligroso en caso de fuertes vientos.<\/li>\n\n\n\n<li>Ten a la mano suministros como: pilas, botiquines, linternas, manual de primeros auxilios, etc.&nbsp;<\/li>\n\n\n\n<li>Verifica p\u00f3lizas de seguros.<\/li>\n\n\n\n<li>Protege todos los documentos importantes de la empresa: contratos, escritos, etc.&nbsp;<\/li>\n\n\n\n<li>Crea respaldos de informaci\u00f3n.<\/li>\n<\/ul>\n\n\n\n<h3 class=\"wp-block-heading\"><em>Durante el desastre<\/em><\/h3>\n\n\n\n<ul class=\"wp-block-list\">\n<li>Debes estar pendiente de los medios de comunicaci\u00f3n para saber cuando se esperan las condiciones del hurac\u00e1n.&nbsp;<\/li>\n\n\n\n<li>Evita usar ascensores y v\u00edas que puedan resultar peligrosas.&nbsp;<\/li>\n\n\n\n<li>Permanece lejos de ventanas, puertas de vidrio, etc.&nbsp;<\/li>\n<\/ul>\n\n\n\n<p>Estas son solo algunas de las medidas que hay; sin embargo, existen procesos m\u00e1s extensos que se adaptan a las necesidades de la propia empresa. \u00a1Si quieres conocer m\u00e1s s\u00edguenos en nuestras <strong>redes sociales<\/strong> y espera nuestro siguiente blog!&nbsp;<\/p>\n","protected":false},"excerpt":{"rendered":"<p>Los desastres naturales son eventos que no podemos evitar, sin embargo, son eventos que podemos prevenir y crear procesos que nos ayuden a organizar la empresa durante estos sucesos. \u00a1En este blog aprender\u00e1s sobre los protocolos ante desastres naturales! \u00bfPor qu\u00e9 es importante la creaci\u00f3n de protocolos ante desastres naturales? Cuando ocurre un desastre natural, [&hellip;]<\/p>\n","protected":false},"author":1,"featured_media":173,"comment_status":"closed","ping_status":"open","sticky":false,"template":"","format":"standard","meta":{"_jetpack_memberships_contains_paid_content":false,"footnotes":""},"categories":[3],"tags":[4,91,92,11,89],"class_list":["post-172","post","type-post","status-publish","format-standard","has-post-thumbnail","hentry","category-capital-humano","tag-capital-humano","tag-crisis-empresarial","tag-desastres-naturales","tag-forhuman","tag-protocolos"],"yoast_head":"<!-- This site is optimized with the Yoast SEO plugin v27.0 - https:\/\/yoast.com\/product\/yoast-seo-wordpress\/ -->\n<title>Protocolos ante desastres naturales: Lo que tu empresa necesita<\/title>\n<meta name=\"description\" content=\"Los desastres naturales son eventos que no podemos evitar, pero que podemos prevenir. Descubre que protocolos tomar ante desastres naturales.\" \/>\n<meta name=\"robots\" content=\"index, follow, max-snippet:-1, max-image-preview:large, max-video-preview:-1\" \/>\n<link rel=\"canonical\" href=\"https:\/\/forhuman.mx\/blog\/protocolos-ante-desastres-naturales-lo-que-tu-empresa-necesita\/\" \/>\n<meta property=\"og:locale\" content=\"es_ES\" \/>\n<meta property=\"og:type\" content=\"article\" \/>\n<meta property=\"og:title\" content=\"Protocolos ante desastres naturales: Lo que tu empresa necesita\" \/>\n<meta property=\"og:description\" content=\"Los desastres naturales son eventos que no podemos evitar, pero que podemos prevenir. Descubre que protocolos tomar ante desastres naturales.\" \/>\n<meta property=\"og:url\" content=\"https:\/\/forhuman.mx\/blog\/protocolos-ante-desastres-naturales-lo-que-tu-empresa-necesita\/\" \/>\n<meta property=\"og:site_name\" content=\"Forhuman Blog\" \/>\n<meta property=\"article:author\" content=\"facebook.com\/forhumanmx\" \/>\n<meta property=\"article:published_time\" content=\"2023-02-07T11:53:20+00:00\" \/>\n<meta property=\"article:modified_time\" content=\"2024-01-02T15:34:26+00:00\" \/>\n<meta property=\"og:image\" content=\"https:\/\/forhuman.mx\/blog\/wp-content\/uploads\/2023\/02\/protocolos-ante-desastres-naturales.png\" \/>\n\t<meta property=\"og:image:width\" content=\"1920\" \/>\n\t<meta property=\"og:image:height\" content=\"1080\" \/>\n\t<meta property=\"og:image:type\" content=\"image\/png\" \/>\n<meta name=\"author\" content=\"FORHUMAN\" \/>\n<meta name=\"twitter:card\" content=\"summary_large_image\" \/>\n<meta name=\"twitter:label1\" content=\"Escrito por\" \/>\n\t<meta name=\"twitter:data1\" content=\"FORHUMAN\" \/>\n\t<meta name=\"twitter:label2\" content=\"Tiempo de lectura\" \/>\n\t<meta name=\"twitter:data2\" content=\"2 minutos\" \/>\n<script type=\"application\/ld+json\" class=\"yoast-schema-graph\">{\"@context\":\"https:\/\/schema.org\",\"@graph\":[{\"@type\":\"Article\",\"@id\":\"https:\/\/forhuman.mx\/blog\/protocolos-ante-desastres-naturales-lo-que-tu-empresa-necesita\/#article\",\"isPartOf\":{\"@id\":\"https:\/\/forhuman.mx\/blog\/protocolos-ante-desastres-naturales-lo-que-tu-empresa-necesita\/\"},\"author\":{\"name\":\"FORHUMAN\",\"@id\":\"https:\/\/forhuman.mx\/blog\/#\/schema\/person\/851f2ffcb147a58cc67286c04fb6bda0\"},\"headline\":\"Protocolos ante desastres naturales: Lo que tu empresa necesita\",\"datePublished\":\"2023-02-07T11:53:20+00:00\",\"dateModified\":\"2024-01-02T15:34:26+00:00\",\"mainEntityOfPage\":{\"@id\":\"https:\/\/forhuman.mx\/blog\/protocolos-ante-desastres-naturales-lo-que-tu-empresa-necesita\/\"},\"wordCount\":414,\"publisher\":{\"@id\":\"https:\/\/forhuman.mx\/blog\/#organization\"},\"image\":{\"@id\":\"https:\/\/forhuman.mx\/blog\/protocolos-ante-desastres-naturales-lo-que-tu-empresa-necesita\/#primaryimage\"},\"thumbnailUrl\":\"https:\/\/i0.wp.com\/forhuman.mx\/blog\/wp-content\/uploads\/2023\/02\/protocolos-ante-desastres-naturales.png?fit=1920%2C1080&ssl=1\",\"keywords\":[\"Capital Humano\",\"Crisis empresarial\",\"Desastres naturales\",\"Forhuman\",\"Protocolos\"],\"articleSection\":[\"Capital Humano\"],\"inLanguage\":\"es\"},{\"@type\":\"WebPage\",\"@id\":\"https:\/\/forhuman.mx\/blog\/protocolos-ante-desastres-naturales-lo-que-tu-empresa-necesita\/\",\"url\":\"https:\/\/forhuman.mx\/blog\/protocolos-ante-desastres-naturales-lo-que-tu-empresa-necesita\/\",\"name\":\"Protocolos ante desastres naturales: Lo que tu empresa necesita\",\"isPartOf\":{\"@id\":\"https:\/\/forhuman.mx\/blog\/#website\"},\"primaryImageOfPage\":{\"@id\":\"https:\/\/forhuman.mx\/blog\/protocolos-ante-desastres-naturales-lo-que-tu-empresa-necesita\/#primaryimage\"},\"image\":{\"@id\":\"https:\/\/forhuman.mx\/blog\/protocolos-ante-desastres-naturales-lo-que-tu-empresa-necesita\/#primaryimage\"},\"thumbnailUrl\":\"https:\/\/i0.wp.com\/forhuman.mx\/blog\/wp-content\/uploads\/2023\/02\/protocolos-ante-desastres-naturales.png?fit=1920%2C1080&ssl=1\",\"datePublished\":\"2023-02-07T11:53:20+00:00\",\"dateModified\":\"2024-01-02T15:34:26+00:00\",\"description\":\"Los desastres naturales son eventos que no podemos evitar, pero que podemos prevenir. Descubre que protocolos tomar ante desastres naturales.\",\"breadcrumb\":{\"@id\":\"https:\/\/forhuman.mx\/blog\/protocolos-ante-desastres-naturales-lo-que-tu-empresa-necesita\/#breadcrumb\"},\"inLanguage\":\"es\",\"potentialAction\":[{\"@type\":\"ReadAction\",\"target\":[\"https:\/\/forhuman.mx\/blog\/protocolos-ante-desastres-naturales-lo-que-tu-empresa-necesita\/\"]}]},{\"@type\":\"ImageObject\",\"inLanguage\":\"es\",\"@id\":\"https:\/\/forhuman.mx\/blog\/protocolos-ante-desastres-naturales-lo-que-tu-empresa-necesita\/#primaryimage\",\"url\":\"https:\/\/i0.wp.com\/forhuman.mx\/blog\/wp-content\/uploads\/2023\/02\/protocolos-ante-desastres-naturales.png?fit=1920%2C1080&ssl=1\",\"contentUrl\":\"https:\/\/i0.wp.com\/forhuman.mx\/blog\/wp-content\/uploads\/2023\/02\/protocolos-ante-desastres-naturales.png?fit=1920%2C1080&ssl=1\",\"width\":1920,\"height\":1080},{\"@type\":\"BreadcrumbList\",\"@id\":\"https:\/\/forhuman.mx\/blog\/protocolos-ante-desastres-naturales-lo-que-tu-empresa-necesita\/#breadcrumb\",\"itemListElement\":[{\"@type\":\"ListItem\",\"position\":1,\"name\":\"Portada\",\"item\":\"https:\/\/forhuman.mx\/blog\/\"},{\"@type\":\"ListItem\",\"position\":2,\"name\":\"Protocolos ante desastres naturales: Lo que tu empresa necesita\"}]},{\"@type\":\"WebSite\",\"@id\":\"https:\/\/forhuman.mx\/blog\/#website\",\"url\":\"https:\/\/forhuman.mx\/blog\/\",\"name\":\"Forhuman Blog\",\"description\":\"Reclutamos y seleccionamos talento para las empresas, contribuyendo a su humanizaci\u00f3n mediante nuestros servicios especializados, de estructura y defensa legal laboral.\",\"publisher\":{\"@id\":\"https:\/\/forhuman.mx\/blog\/#organization\"},\"potentialAction\":[{\"@type\":\"SearchAction\",\"target\":{\"@type\":\"EntryPoint\",\"urlTemplate\":\"https:\/\/forhuman.mx\/blog\/?s={search_term_string}\"},\"query-input\":{\"@type\":\"PropertyValueSpecification\",\"valueRequired\":true,\"valueName\":\"search_term_string\"}}],\"inLanguage\":\"es\"},{\"@type\":\"Organization\",\"@id\":\"https:\/\/forhuman.mx\/blog\/#organization\",\"name\":\"Forhuman Blog\",\"url\":\"https:\/\/forhuman.mx\/blog\/\",\"logo\":{\"@type\":\"ImageObject\",\"inLanguage\":\"es\",\"@id\":\"https:\/\/forhuman.mx\/blog\/#\/schema\/logo\/image\/\",\"url\":\"https:\/\/i0.wp.com\/forhuman.mx\/blog\/wp-content\/uploads\/2023\/08\/logo.png?fit=571%2C110&ssl=1\",\"contentUrl\":\"https:\/\/i0.wp.com\/forhuman.mx\/blog\/wp-content\/uploads\/2023\/08\/logo.png?fit=571%2C110&ssl=1\",\"width\":571,\"height\":110,\"caption\":\"Forhuman Blog\"},\"image\":{\"@id\":\"https:\/\/forhuman.mx\/blog\/#\/schema\/logo\/image\/\"}},{\"@type\":\"Person\",\"@id\":\"https:\/\/forhuman.mx\/blog\/#\/schema\/person\/851f2ffcb147a58cc67286c04fb6bda0\",\"name\":\"FORHUMAN\",\"image\":{\"@type\":\"ImageObject\",\"inLanguage\":\"es\",\"@id\":\"https:\/\/forhuman.mx\/blog\/#\/schema\/person\/image\/\",\"url\":\"https:\/\/i0.wp.com\/forhuman.mx\/blog\/wp-content\/uploads\/2023\/08\/logo-cuadrado-fondo-negro.png?fit=96%2C87&#038;ssl=1\",\"contentUrl\":\"https:\/\/i0.wp.com\/forhuman.mx\/blog\/wp-content\/uploads\/2023\/08\/logo-cuadrado-fondo-negro.png?fit=96%2C87&#038;ssl=1\",\"caption\":\"FORHUMAN\"},\"description\":\"Reclutamos y seleccionamos talento para las empresas, contribuyendo a su humanizaci\u00f3n mediante nuestros servicios especializados, de estructura y defensa legal laboral.\",\"sameAs\":[\"https:\/\/forhuman.mx\",\"facebook.com\/forhumanmx\",\"instagram.com\/forhumanmx\/\",\"linkedin.com\/company\/forhuman\/\",\"https:\/\/youtube.com\/channel\/UCJwyZnzZ9PNvOhl4siylFGQ\"],\"url\":\"https:\/\/forhuman.mx\/blog\/author\/forhumanmkt\/\"}]}<\/script>\n<!-- \/ Yoast SEO plugin. -->","yoast_head_json":{"title":"Protocolos ante desastres naturales: Lo que tu empresa necesita","description":"Los desastres naturales son eventos que no podemos evitar, pero que podemos prevenir. Descubre que protocolos tomar ante desastres naturales.","robots":{"index":"index","follow":"follow","max-snippet":"max-snippet:-1","max-image-preview":"max-image-preview:large","max-video-preview":"max-video-preview:-1"},"canonical":"https:\/\/forhuman.mx\/blog\/protocolos-ante-desastres-naturales-lo-que-tu-empresa-necesita\/","og_locale":"es_ES","og_type":"article","og_title":"Protocolos ante desastres naturales: Lo que tu empresa necesita","og_description":"Los desastres naturales son eventos que no podemos evitar, pero que podemos prevenir. Descubre que protocolos tomar ante desastres naturales.","og_url":"https:\/\/forhuman.mx\/blog\/protocolos-ante-desastres-naturales-lo-que-tu-empresa-necesita\/","og_site_name":"Forhuman Blog","article_author":"facebook.com\/forhumanmx","article_published_time":"2023-02-07T11:53:20+00:00","article_modified_time":"2024-01-02T15:34:26+00:00","og_image":[{"width":1920,"height":1080,"url":"https:\/\/forhuman.mx\/blog\/wp-content\/uploads\/2023\/02\/protocolos-ante-desastres-naturales.png","type":"image\/png"}],"author":"FORHUMAN","twitter_card":"summary_large_image","twitter_misc":{"Escrito por":"FORHUMAN","Tiempo de lectura":"2 minutos"},"schema":{"@context":"https:\/\/schema.org","@graph":[{"@type":"Article","@id":"https:\/\/forhuman.mx\/blog\/protocolos-ante-desastres-naturales-lo-que-tu-empresa-necesita\/#article","isPartOf":{"@id":"https:\/\/forhuman.mx\/blog\/protocolos-ante-desastres-naturales-lo-que-tu-empresa-necesita\/"},"author":{"name":"FORHUMAN","@id":"https:\/\/forhuman.mx\/blog\/#\/schema\/person\/851f2ffcb147a58cc67286c04fb6bda0"},"headline":"Protocolos ante desastres naturales: Lo que tu empresa necesita","datePublished":"2023-02-07T11:53:20+00:00","dateModified":"2024-01-02T15:34:26+00:00","mainEntityOfPage":{"@id":"https:\/\/forhuman.mx\/blog\/protocolos-ante-desastres-naturales-lo-que-tu-empresa-necesita\/"},"wordCount":414,"publisher":{"@id":"https:\/\/forhuman.mx\/blog\/#organization"},"image":{"@id":"https:\/\/forhuman.mx\/blog\/protocolos-ante-desastres-naturales-lo-que-tu-empresa-necesita\/#primaryimage"},"thumbnailUrl":"https:\/\/i0.wp.com\/forhuman.mx\/blog\/wp-content\/uploads\/2023\/02\/protocolos-ante-desastres-naturales.png?fit=1920%2C1080&ssl=1","keywords":["Capital Humano","Crisis empresarial","Desastres naturales","Forhuman","Protocolos"],"articleSection":["Capital Humano"],"inLanguage":"es"},{"@type":"WebPage","@id":"https:\/\/forhuman.mx\/blog\/protocolos-ante-desastres-naturales-lo-que-tu-empresa-necesita\/","url":"https:\/\/forhuman.mx\/blog\/protocolos-ante-desastres-naturales-lo-que-tu-empresa-necesita\/","name":"Protocolos ante desastres naturales: Lo que tu empresa necesita","isPartOf":{"@id":"https:\/\/forhuman.mx\/blog\/#website"},"primaryImageOfPage":{"@id":"https:\/\/forhuman.mx\/blog\/protocolos-ante-desastres-naturales-lo-que-tu-empresa-necesita\/#primaryimage"},"image":{"@id":"https:\/\/forhuman.mx\/blog\/protocolos-ante-desastres-naturales-lo-que-tu-empresa-necesita\/#primaryimage"},"thumbnailUrl":"https:\/\/i0.wp.com\/forhuman.mx\/blog\/wp-content\/uploads\/2023\/02\/protocolos-ante-desastres-naturales.png?fit=1920%2C1080&ssl=1","datePublished":"2023-02-07T11:53:20+00:00","dateModified":"2024-01-02T15:34:26+00:00","description":"Los desastres naturales son eventos que no podemos evitar, pero que podemos prevenir. Descubre que protocolos tomar ante desastres naturales.","breadcrumb":{"@id":"https:\/\/forhuman.mx\/blog\/protocolos-ante-desastres-naturales-lo-que-tu-empresa-necesita\/#breadcrumb"},"inLanguage":"es","potentialAction":[{"@type":"ReadAction","target":["https:\/\/forhuman.mx\/blog\/protocolos-ante-desastres-naturales-lo-que-tu-empresa-necesita\/"]}]},{"@type":"ImageObject","inLanguage":"es","@id":"https:\/\/forhuman.mx\/blog\/protocolos-ante-desastres-naturales-lo-que-tu-empresa-necesita\/#primaryimage","url":"https:\/\/i0.wp.com\/forhuman.mx\/blog\/wp-content\/uploads\/2023\/02\/protocolos-ante-desastres-naturales.png?fit=1920%2C1080&ssl=1","contentUrl":"https:\/\/i0.wp.com\/forhuman.mx\/blog\/wp-content\/uploads\/2023\/02\/protocolos-ante-desastres-naturales.png?fit=1920%2C1080&ssl=1","width":1920,"height":1080},{"@type":"BreadcrumbList","@id":"https:\/\/forhuman.mx\/blog\/protocolos-ante-desastres-naturales-lo-que-tu-empresa-necesita\/#breadcrumb","itemListElement":[{"@type":"ListItem","position":1,"name":"Portada","item":"https:\/\/forhuman.mx\/blog\/"},{"@type":"ListItem","position":2,"name":"Protocolos ante desastres naturales: Lo que tu empresa necesita"}]},{"@type":"WebSite","@id":"https:\/\/forhuman.mx\/blog\/#website","url":"https:\/\/forhuman.mx\/blog\/","name":"Forhuman Blog","description":"Reclutamos y seleccionamos talento para las empresas, contribuyendo a su humanizaci\u00f3n mediante nuestros servicios especializados, de estructura y defensa legal laboral.","publisher":{"@id":"https:\/\/forhuman.mx\/blog\/#organization"},"potentialAction":[{"@type":"SearchAction","target":{"@type":"EntryPoint","urlTemplate":"https:\/\/forhuman.mx\/blog\/?s={search_term_string}"},"query-input":{"@type":"PropertyValueSpecification","valueRequired":true,"valueName":"search_term_string"}}],"inLanguage":"es"},{"@type":"Organization","@id":"https:\/\/forhuman.mx\/blog\/#organization","name":"Forhuman Blog","url":"https:\/\/forhuman.mx\/blog\/","logo":{"@type":"ImageObject","inLanguage":"es","@id":"https:\/\/forhuman.mx\/blog\/#\/schema\/logo\/image\/","url":"https:\/\/i0.wp.com\/forhuman.mx\/blog\/wp-content\/uploads\/2023\/08\/logo.png?fit=571%2C110&ssl=1","contentUrl":"https:\/\/i0.wp.com\/forhuman.mx\/blog\/wp-content\/uploads\/2023\/08\/logo.png?fit=571%2C110&ssl=1","width":571,"height":110,"caption":"Forhuman Blog"},"image":{"@id":"https:\/\/forhuman.mx\/blog\/#\/schema\/logo\/image\/"}},{"@type":"Person","@id":"https:\/\/forhuman.mx\/blog\/#\/schema\/person\/851f2ffcb147a58cc67286c04fb6bda0","name":"FORHUMAN","image":{"@type":"ImageObject","inLanguage":"es","@id":"https:\/\/forhuman.mx\/blog\/#\/schema\/person\/image\/","url":"https:\/\/i0.wp.com\/forhuman.mx\/blog\/wp-content\/uploads\/2023\/08\/logo-cuadrado-fondo-negro.png?fit=96%2C87&#038;ssl=1","contentUrl":"https:\/\/i0.wp.com\/forhuman.mx\/blog\/wp-content\/uploads\/2023\/08\/logo-cuadrado-fondo-negro.png?fit=96%2C87&#038;ssl=1","caption":"FORHUMAN"},"description":"Reclutamos y seleccionamos talento para las empresas, contribuyendo a su humanizaci\u00f3n mediante nuestros servicios especializados, de estructura y defensa legal laboral.","sameAs":["https:\/\/forhuman.mx","facebook.com\/forhumanmx","instagram.com\/forhumanmx\/","linkedin.com\/company\/forhuman\/","https:\/\/youtube.com\/channel\/UCJwyZnzZ9PNvOhl4siylFGQ"],"url":"https:\/\/forhuman.mx\/blog\/author\/forhumanmkt\/"}]}},"jetpack_featured_media_url":"https:\/\/i0.wp.com\/forhuman.mx\/blog\/wp-content\/uploads\/2023\/02\/protocolos-ante-desastres-naturales.png?fit=1920%2C1080&ssl=1","jetpack_sharing_enabled":true,"jetpack-related-posts":[{"id":177,"url":"https:\/\/forhuman.mx\/blog\/recursos-humanos-cual-es-el-rol-de-tu-departamento-durante-una-crisis-empresarial\/","url_meta":{"origin":172,"position":0},"title":"Recursos humanos: \u00bfCu\u00e1l es el rol de tu departamento durante una crisis empresarial?","author":"FORHUMAN","date":"7 de febrero de 2023","format":false,"excerpt":"El departamento de recursos humanos tiene diversas responsabilidades dentro de una organizaci\u00f3n o empresa, entre ellas la incorporaci\u00f3n del personal para la empresa; pero no es su \u00fanica funci\u00f3n. Conoce en este blog \u00bfCu\u00e1l es el rol del departamento de recursos humanos durante las crisis empresariales? \u00bfQu\u00e9 son las crisis\u2026","rel":"","context":"En \u00abCapital Humano\u00bb","block_context":{"text":"Capital Humano","link":"https:\/\/forhuman.mx\/blog\/category\/capital-humano\/"},"img":{"alt_text":"","src":"https:\/\/i0.wp.com\/forhuman.mx\/blog\/wp-content\/uploads\/2023\/02\/Recursos-humanos-%C2%BFCual-es-el-rol-de-tu-departamento-durante-una-crisis-empresarial.png?fit=1200%2C675&ssl=1&resize=350%2C200","width":350,"height":200,"srcset":"https:\/\/i0.wp.com\/forhuman.mx\/blog\/wp-content\/uploads\/2023\/02\/Recursos-humanos-%C2%BFCual-es-el-rol-de-tu-departamento-durante-una-crisis-empresarial.png?fit=1200%2C675&ssl=1&resize=350%2C200 1x, https:\/\/i0.wp.com\/forhuman.mx\/blog\/wp-content\/uploads\/2023\/02\/Recursos-humanos-%C2%BFCual-es-el-rol-de-tu-departamento-durante-una-crisis-empresarial.png?fit=1200%2C675&ssl=1&resize=525%2C300 1.5x, https:\/\/i0.wp.com\/forhuman.mx\/blog\/wp-content\/uploads\/2023\/02\/Recursos-humanos-%C2%BFCual-es-el-rol-de-tu-departamento-durante-una-crisis-empresarial.png?fit=1200%2C675&ssl=1&resize=700%2C400 2x, https:\/\/i0.wp.com\/forhuman.mx\/blog\/wp-content\/uploads\/2023\/02\/Recursos-humanos-%C2%BFCual-es-el-rol-de-tu-departamento-durante-una-crisis-empresarial.png?fit=1200%2C675&ssl=1&resize=1050%2C600 3x"},"classes":[]},{"id":170,"url":"https:\/\/forhuman.mx\/blog\/que-es-un-plan-de-gestion-de-crisis-empresarial-los-pasos-que-necesitas-para-crearlo\/","url_meta":{"origin":172,"position":1},"title":"\u00bfQu\u00e9 es un plan de gesti\u00f3n de crisis empresarial? \u00a1Los pasos que necesitas para crearlo!","author":"FORHUMAN","date":"7 de febrero de 2023","format":false,"excerpt":"El plan de gesti\u00f3n de crisis empresarial es un protocolo que la empresa deber\u00e1 seguir en caso de que una crisis impacte en la compa\u00f1\u00eda. \u00a1Conoce como crear tu plan en el siguiente blog!\u00a0 Primero entendamos \u00bfQu\u00e9 es plan de gesti\u00f3n empresarial?\u00a0 Es una serie de documentos que describen los\u2026","rel":"","context":"En \u00abCapital Humano\u00bb","block_context":{"text":"Capital Humano","link":"https:\/\/forhuman.mx\/blog\/category\/capital-humano\/"},"img":{"alt_text":"","src":"https:\/\/i0.wp.com\/forhuman.mx\/blog\/wp-content\/uploads\/2023\/02\/que-es-un-plan-de-gestion-de-crisis-empresarial.png?fit=1200%2C675&ssl=1&resize=350%2C200","width":350,"height":200,"srcset":"https:\/\/i0.wp.com\/forhuman.mx\/blog\/wp-content\/uploads\/2023\/02\/que-es-un-plan-de-gestion-de-crisis-empresarial.png?fit=1200%2C675&ssl=1&resize=350%2C200 1x, https:\/\/i0.wp.com\/forhuman.mx\/blog\/wp-content\/uploads\/2023\/02\/que-es-un-plan-de-gestion-de-crisis-empresarial.png?fit=1200%2C675&ssl=1&resize=525%2C300 1.5x, https:\/\/i0.wp.com\/forhuman.mx\/blog\/wp-content\/uploads\/2023\/02\/que-es-un-plan-de-gestion-de-crisis-empresarial.png?fit=1200%2C675&ssl=1&resize=700%2C400 2x, https:\/\/i0.wp.com\/forhuman.mx\/blog\/wp-content\/uploads\/2023\/02\/que-es-un-plan-de-gestion-de-crisis-empresarial.png?fit=1200%2C675&ssl=1&resize=1050%2C600 3x"},"classes":[]},{"id":119,"url":"https:\/\/forhuman.mx\/blog\/como-evaluar-los-riesgos-laborales-dentro-de-una-empresa\/","url_meta":{"origin":172,"position":2},"title":"\u00bfC\u00f3mo evaluar los riesgos laborales dentro de una empresa?","author":"FORHUMAN","date":"8 de febrero de 2023","format":false,"excerpt":"Los riesgos existen en cualquier lugar, incluso en las empresas. Sin embargo, dependiendo de la naturaleza de la empresa, podemos determinar si los riesgos son muchos o pocos. \u00a1Sigue leyendo este blog para conocer como puedes evaluar los riesgos laborales! \u00bfQu\u00e9 son los riesgos laborales? El riesgo dentro de una\u2026","rel":"","context":"En \u00abCapital Humano\u00bb","block_context":{"text":"Capital Humano","link":"https:\/\/forhuman.mx\/blog\/category\/capital-humano\/"},"img":{"alt_text":"","src":"https:\/\/i0.wp.com\/forhuman.mx\/blog\/wp-content\/uploads\/2023\/02\/como-evaluar-los-riesgos-laborales.png?fit=1200%2C675&ssl=1&resize=350%2C200","width":350,"height":200,"srcset":"https:\/\/i0.wp.com\/forhuman.mx\/blog\/wp-content\/uploads\/2023\/02\/como-evaluar-los-riesgos-laborales.png?fit=1200%2C675&ssl=1&resize=350%2C200 1x, https:\/\/i0.wp.com\/forhuman.mx\/blog\/wp-content\/uploads\/2023\/02\/como-evaluar-los-riesgos-laborales.png?fit=1200%2C675&ssl=1&resize=525%2C300 1.5x, https:\/\/i0.wp.com\/forhuman.mx\/blog\/wp-content\/uploads\/2023\/02\/como-evaluar-los-riesgos-laborales.png?fit=1200%2C675&ssl=1&resize=700%2C400 2x, https:\/\/i0.wp.com\/forhuman.mx\/blog\/wp-content\/uploads\/2023\/02\/como-evaluar-los-riesgos-laborales.png?fit=1200%2C675&ssl=1&resize=1050%2C600 3x"},"classes":[]},{"id":180,"url":"https:\/\/forhuman.mx\/blog\/gestion-de-crisis-que-procedimientos-tomar-en-redes-sociales\/","url_meta":{"origin":172,"position":3},"title":"Gesti\u00f3n de crisis: \u00bfQu\u00e9 procedimientos tomar en redes sociales?","author":"FORHUMAN","date":"7 de febrero de 2023","format":false,"excerpt":"Las crisis en las empresas son de los m\u00e1s comunes, y tener protocolos que premediten la mayor\u00eda de estas situaciones puede prevenir crear una mayor desorganizaci\u00f3n dentro de la empresa. Sin embargo, la cuesti\u00f3n online puede verse afectada durante estos procesos, es por eso que, en este blog, hablaremos sobre\u2026","rel":"","context":"En \u00abCapital Humano\u00bb","block_context":{"text":"Capital Humano","link":"https:\/\/forhuman.mx\/blog\/category\/capital-humano\/"},"img":{"alt_text":"","src":"https:\/\/i0.wp.com\/forhuman.mx\/blog\/wp-content\/uploads\/2023\/02\/Gestion-de-crisis-%C2%BFQue-procedimientos-tomar-en-redes-sociales.png?fit=1200%2C675&ssl=1&resize=350%2C200","width":350,"height":200,"srcset":"https:\/\/i0.wp.com\/forhuman.mx\/blog\/wp-content\/uploads\/2023\/02\/Gestion-de-crisis-%C2%BFQue-procedimientos-tomar-en-redes-sociales.png?fit=1200%2C675&ssl=1&resize=350%2C200 1x, https:\/\/i0.wp.com\/forhuman.mx\/blog\/wp-content\/uploads\/2023\/02\/Gestion-de-crisis-%C2%BFQue-procedimientos-tomar-en-redes-sociales.png?fit=1200%2C675&ssl=1&resize=525%2C300 1.5x, https:\/\/i0.wp.com\/forhuman.mx\/blog\/wp-content\/uploads\/2023\/02\/Gestion-de-crisis-%C2%BFQue-procedimientos-tomar-en-redes-sociales.png?fit=1200%2C675&ssl=1&resize=700%2C400 2x, https:\/\/i0.wp.com\/forhuman.mx\/blog\/wp-content\/uploads\/2023\/02\/Gestion-de-crisis-%C2%BFQue-procedimientos-tomar-en-redes-sociales.png?fit=1200%2C675&ssl=1&resize=1050%2C600 3x"},"classes":[]},{"id":147,"url":"https:\/\/forhuman.mx\/blog\/maneras-de-implementar-la-flexibilidad-laboral-en-tu-negocio\/","url_meta":{"origin":172,"position":4},"title":"Maneras de implementar la flexibilidad laboral en tu negocio.","author":"FORHUMAN","date":"7 de febrero de 2023","format":false,"excerpt":"Con los cambios recientes que ha tra\u00eddo la pandemia dentro de las formas de trabajo, como el teletrabajo y las distintas maneras que surgieron tras el trabajar desde casa, han contribuido a que las empresas empleen nuevas formas de gestionar a sus empleados. En este blog te presentamos las maneras\u2026","rel":"","context":"En \u00abCapital Humano\u00bb","block_context":{"text":"Capital Humano","link":"https:\/\/forhuman.mx\/blog\/category\/capital-humano\/"},"img":{"alt_text":"","src":"https:\/\/i0.wp.com\/forhuman.mx\/blog\/wp-content\/uploads\/2023\/02\/Maneras-de-implementar-la-flexibilidad-laboral-en-tu-negocio.png?fit=1200%2C675&ssl=1&resize=350%2C200","width":350,"height":200,"srcset":"https:\/\/i0.wp.com\/forhuman.mx\/blog\/wp-content\/uploads\/2023\/02\/Maneras-de-implementar-la-flexibilidad-laboral-en-tu-negocio.png?fit=1200%2C675&ssl=1&resize=350%2C200 1x, https:\/\/i0.wp.com\/forhuman.mx\/blog\/wp-content\/uploads\/2023\/02\/Maneras-de-implementar-la-flexibilidad-laboral-en-tu-negocio.png?fit=1200%2C675&ssl=1&resize=525%2C300 1.5x, https:\/\/i0.wp.com\/forhuman.mx\/blog\/wp-content\/uploads\/2023\/02\/Maneras-de-implementar-la-flexibilidad-laboral-en-tu-negocio.png?fit=1200%2C675&ssl=1&resize=700%2C400 2x, https:\/\/i0.wp.com\/forhuman.mx\/blog\/wp-content\/uploads\/2023\/02\/Maneras-de-implementar-la-flexibilidad-laboral-en-tu-negocio.png?fit=1200%2C675&ssl=1&resize=1050%2C600 3x"},"classes":[]},{"id":106,"url":"https:\/\/forhuman.mx\/blog\/inclusion-laboral-que-es-y-cual-es-su-importancia-dentro-de-las-empresas\/","url_meta":{"origin":172,"position":5},"title":"Inclusi\u00f3n laboral: \u00bfQu\u00e9 es y cu\u00e1l es su importancia dentro de las empresas?","author":"FORHUMAN","date":"9 de febrero de 2023","format":false,"excerpt":"En un mundo cada vez m\u00e1s diverso y globalizado, es fundamental que las empresas tomen en serio la inclusi\u00f3n y diversidad en el lugar de trabajo. Sin embargo, el poco conocimiento sobre el tema y su implementaci\u00f3n ha retrasado el avance en un mayor n\u00famero de empresas. Conoce en este\u2026","rel":"","context":"En \u00abCapital Humano\u00bb","block_context":{"text":"Capital Humano","link":"https:\/\/forhuman.mx\/blog\/category\/capital-humano\/"},"img":{"alt_text":"","src":"https:\/\/i0.wp.com\/forhuman.mx\/blog\/wp-content\/uploads\/2023\/02\/Inclusion-laboral.png?fit=1200%2C675&ssl=1&resize=350%2C200","width":350,"height":200,"srcset":"https:\/\/i0.wp.com\/forhuman.mx\/blog\/wp-content\/uploads\/2023\/02\/Inclusion-laboral.png?fit=1200%2C675&ssl=1&resize=350%2C200 1x, https:\/\/i0.wp.com\/forhuman.mx\/blog\/wp-content\/uploads\/2023\/02\/Inclusion-laboral.png?fit=1200%2C675&ssl=1&resize=525%2C300 1.5x, https:\/\/i0.wp.com\/forhuman.mx\/blog\/wp-content\/uploads\/2023\/02\/Inclusion-laboral.png?fit=1200%2C675&ssl=1&resize=700%2C400 2x, https:\/\/i0.wp.com\/forhuman.mx\/blog\/wp-content\/uploads\/2023\/02\/Inclusion-laboral.png?fit=1200%2C675&ssl=1&resize=1050%2C600 3x"},"classes":[]}],"_links":{"self":[{"href":"https:\/\/forhuman.mx\/blog\/wp-json\/wp\/v2\/posts\/172","targetHints":{"allow":["GET"]}}],"collection":[{"href":"https:\/\/forhuman.mx\/blog\/wp-json\/wp\/v2\/posts"}],"about":[{"href":"https:\/\/forhuman.mx\/blog\/wp-json\/wp\/v2\/types\/post"}],"author":[{"embeddable":true,"href":"https:\/\/forhuman.mx\/blog\/wp-json\/wp\/v2\/users\/1"}],"replies":[{"embeddable":true,"href":"https:\/\/forhuman.mx\/blog\/wp-json\/wp\/v2\/comments?post=172"}],"version-history":[{"count":1,"href":"https:\/\/forhuman.mx\/blog\/wp-json\/wp\/v2\/posts\/172\/revisions"}],"predecessor-version":[{"id":527,"href":"https:\/\/forhuman.mx\/blog\/wp-json\/wp\/v2\/posts\/172\/revisions\/527"}],"wp:featuredmedia":[{"embeddable":true,"href":"https:\/\/forhuman.mx\/blog\/wp-json\/wp\/v2\/media\/173"}],"wp:attachment":[{"href":"https:\/\/forhuman.mx\/blog\/wp-json\/wp\/v2\/media?parent=172"}],"wp:term":[{"taxonomy":"category","embeddable":true,"href":"https:\/\/forhuman.mx\/blog\/wp-json\/wp\/v2\/categories?post=172"},{"taxonomy":"post_tag","embeddable":true,"href":"https:\/\/forhuman.mx\/blog\/wp-json\/wp\/v2\/tags?post=172"}],"curies":[{"name":"wp","href":"https:\/\/api.w.org\/{rel}","templated":true}]}}