{"id":180,"date":"2023-02-07T12:47:50","date_gmt":"2023-02-07T11:47:50","guid":{"rendered":"https:\/\/forhuman.mx\/blog\/?p=3133"},"modified":"2024-01-02T09:34:27","modified_gmt":"2024-01-02T15:34:27","slug":"gestion-de-crisis-que-procedimientos-tomar-en-redes-sociales","status":"publish","type":"post","link":"https:\/\/forhuman.mx\/blog\/gestion-de-crisis-que-procedimientos-tomar-en-redes-sociales\/","title":{"rendered":"<strong>Gesti\u00f3n de crisis: \u00bfQu\u00e9 procedimientos tomar en redes sociales?<\/strong>"},"content":{"rendered":"\n<p>Las crisis en las empresas son de los m\u00e1s comunes, y tener protocolos que premediten la mayor\u00eda de estas situaciones puede prevenir crear una mayor desorganizaci\u00f3n dentro de la empresa. Sin embargo, la cuesti\u00f3n online puede verse afectada durante estos procesos, es por eso que, en este blog, hablaremos sobre \u00bfqu\u00e9 procedimientos tomar en redes sociales?<\/p>\n\n\n\n<h2 class=\"wp-block-heading\"><strong>Gesti\u00f3n de crisis: \u00bfQu\u00e9 medidas tomar?<\/strong><\/h2>\n\n\n\n<p>En las organizaciones, es usual el surgimiento de crisis, y la clave para sobrellevarlas est\u00e1 en la prevenci\u00f3n y monitoreo de estas. Una crisis no siempre tiene que significar un problema sin soluci\u00f3n, por el contrario, puede representar un cambio o crecimiento a nuestra organizaci\u00f3n.<\/p>\n\n\n\n<h2 class=\"wp-block-heading\"><strong>Crisis en las redes sociales<\/strong><\/h2>\n\n\n\n<p>Con la implementaci\u00f3n e inmersi\u00f3n de las redes sociales es m\u00e1s frecuente que surjan crisis dentro de estas, y como empresa o marca tambi\u00e9n es nuestra responsabilidad estar preparados en situaciones de esta \u00edndole.<\/p>\n\n\n\n<p>Las crisis en redes sociales pueden aparecer aun cuando estemos en un constante monitoreo de estas. Una cr\u00edtica o un mal comentario en una red puede generar muchos m\u00e1s problemas de lo que se puede pensar.&nbsp;<\/p>\n\n\n\n<h2 class=\"wp-block-heading\"><strong>\u00bfQu\u00e9 acciones tomar en redes sociales durante las crisis?<\/strong><\/h2>\n\n\n\n<p>En las redes sociales, como empresa, estamos expuestos ante la interacci\u00f3n de cientos de usuarios, por lo que es importante tener ciertas medidas que permitan saber que acciones tomar durante las crisis que puedan surgir.<\/p>\n\n\n\n<p>Conocer los distintos escenarios que puedan surgir durante una crisis, puede permitir tener diferentes perspectivas, como por ejemplo ante una cr\u00edtica hacia nuestra marca. La rapidez y educaci\u00f3n con la que se trate al usuario permitir\u00e1 una mejor gesti\u00f3n de la crisis.<\/p>\n\n\n\n<p>Otra de las acciones que permiten una mejor din\u00e1mica en redes, es la de la comunicaci\u00f3n e interacci\u00f3n constante con la comunidad, pues permitir\u00e1 que inclusive los mismos miembros de tu comunidad generen comentarios y cr\u00edticas positivas hacia tu marca.<\/p>\n\n\n\n<p>Y cuando la crisis se haya gestionado, es necesario hacer un an\u00e1lisis que permita determinar que fue lo que origino en un principio esta situaci\u00f3n, de esta forma podemos encontrar formas para que, en un futuro, ante otra crisis, tengamos antecedentes de c\u00f3mo debemos tratar y manejar la relaci\u00f3n.<\/p>\n\n\n\n<p>Tanto en las redes como en las organizaciones las crisis pueden ser parte del crecimiento de tu equipo, En Forhuman creemos que, ante cualquier situaci\u00f3n, si se encuentran las mejores opciones de gesti\u00f3n, podemos generar un cambio positivo a nuestra empresa.<\/p>\n","protected":false},"excerpt":{"rendered":"<p>Las crisis en las empresas son de los m\u00e1s comunes, y tener protocolos que premediten la mayor\u00eda de estas situaciones puede prevenir crear una mayor desorganizaci\u00f3n dentro de la empresa. Sin embargo, la cuesti\u00f3n online puede verse afectada durante estos procesos, es por eso que, en este blog, hablaremos sobre \u00bfqu\u00e9 procedimientos tomar en redes [&hellip;]<\/p>\n","protected":false},"author":1,"featured_media":176,"comment_status":"closed","ping_status":"open","sticky":false,"template":"","format":"standard","meta":{"_jetpack_memberships_contains_paid_content":false,"footnotes":""},"categories":[3],"tags":[4,91,11,93],"class_list":["post-180","post","type-post","status-publish","format-standard","has-post-thumbnail","hentry","category-capital-humano","tag-capital-humano","tag-crisis-empresarial","tag-forhuman","tag-gestion-de-crisis"],"yoast_head":"<!-- This site is optimized with the Yoast SEO plugin v27.0 - https:\/\/yoast.com\/product\/yoast-seo-wordpress\/ -->\n<title>Gesti\u00f3n de crisis: \u00bfQu\u00e9 procedimientos tomar en redes sociales?<\/title>\n<meta name=\"description\" content=\"Tener protocolos durante las crisis empresariales pueden prevenir una variedad de situaciones. Conoce qu\u00e9 procedimientos tomar en redes\" \/>\n<meta name=\"robots\" content=\"index, follow, max-snippet:-1, max-image-preview:large, max-video-preview:-1\" \/>\n<link rel=\"canonical\" href=\"https:\/\/forhuman.mx\/blog\/gestion-de-crisis-que-procedimientos-tomar-en-redes-sociales\/\" \/>\n<meta property=\"og:locale\" content=\"es_ES\" \/>\n<meta property=\"og:type\" content=\"article\" \/>\n<meta property=\"og:title\" content=\"Gesti\u00f3n de crisis: \u00bfQu\u00e9 procedimientos tomar en redes sociales?\" \/>\n<meta property=\"og:description\" content=\"Tener protocolos durante las crisis empresariales pueden prevenir una variedad de situaciones. Conoce qu\u00e9 procedimientos tomar en redes\" \/>\n<meta property=\"og:url\" content=\"https:\/\/forhuman.mx\/blog\/gestion-de-crisis-que-procedimientos-tomar-en-redes-sociales\/\" \/>\n<meta property=\"og:site_name\" content=\"Forhuman Blog\" \/>\n<meta property=\"article:author\" content=\"facebook.com\/forhumanmx\" \/>\n<meta property=\"article:published_time\" content=\"2023-02-07T11:47:50+00:00\" \/>\n<meta property=\"article:modified_time\" content=\"2024-01-02T15:34:27+00:00\" \/>\n<meta property=\"og:image\" content=\"https:\/\/forhuman.mx\/blog\/wp-content\/uploads\/2023\/02\/Gestion-de-crisis-\u00bfQue-procedimientos-tomar-en-redes-sociales.png\" \/>\n\t<meta property=\"og:image:width\" content=\"1920\" \/>\n\t<meta property=\"og:image:height\" content=\"1080\" \/>\n\t<meta property=\"og:image:type\" content=\"image\/png\" \/>\n<meta name=\"author\" content=\"FORHUMAN\" \/>\n<meta name=\"twitter:card\" content=\"summary_large_image\" \/>\n<meta name=\"twitter:label1\" content=\"Escrito por\" \/>\n\t<meta name=\"twitter:data1\" content=\"FORHUMAN\" \/>\n\t<meta name=\"twitter:label2\" content=\"Tiempo de lectura\" \/>\n\t<meta name=\"twitter:data2\" content=\"2 minutos\" \/>\n<script type=\"application\/ld+json\" class=\"yoast-schema-graph\">{\"@context\":\"https:\/\/schema.org\",\"@graph\":[{\"@type\":\"Article\",\"@id\":\"https:\/\/forhuman.mx\/blog\/gestion-de-crisis-que-procedimientos-tomar-en-redes-sociales\/#article\",\"isPartOf\":{\"@id\":\"https:\/\/forhuman.mx\/blog\/gestion-de-crisis-que-procedimientos-tomar-en-redes-sociales\/\"},\"author\":{\"name\":\"FORHUMAN\",\"@id\":\"https:\/\/forhuman.mx\/blog\/#\/schema\/person\/851f2ffcb147a58cc67286c04fb6bda0\"},\"headline\":\"Gesti\u00f3n de crisis: \u00bfQu\u00e9 procedimientos tomar en redes sociales?\",\"datePublished\":\"2023-02-07T11:47:50+00:00\",\"dateModified\":\"2024-01-02T15:34:27+00:00\",\"mainEntityOfPage\":{\"@id\":\"https:\/\/forhuman.mx\/blog\/gestion-de-crisis-que-procedimientos-tomar-en-redes-sociales\/\"},\"wordCount\":437,\"publisher\":{\"@id\":\"https:\/\/forhuman.mx\/blog\/#organization\"},\"image\":{\"@id\":\"https:\/\/forhuman.mx\/blog\/gestion-de-crisis-que-procedimientos-tomar-en-redes-sociales\/#primaryimage\"},\"thumbnailUrl\":\"https:\/\/i0.wp.com\/forhuman.mx\/blog\/wp-content\/uploads\/2023\/02\/Gestion-de-crisis-%C2%BFQue-procedimientos-tomar-en-redes-sociales.png?fit=1920%2C1080&ssl=1\",\"keywords\":[\"Capital Humano\",\"Crisis empresarial\",\"Forhuman\",\"Gesti\u00f3n de crisis\"],\"articleSection\":[\"Capital Humano\"],\"inLanguage\":\"es\"},{\"@type\":\"WebPage\",\"@id\":\"https:\/\/forhuman.mx\/blog\/gestion-de-crisis-que-procedimientos-tomar-en-redes-sociales\/\",\"url\":\"https:\/\/forhuman.mx\/blog\/gestion-de-crisis-que-procedimientos-tomar-en-redes-sociales\/\",\"name\":\"Gesti\u00f3n de crisis: \u00bfQu\u00e9 procedimientos tomar en redes sociales?\",\"isPartOf\":{\"@id\":\"https:\/\/forhuman.mx\/blog\/#website\"},\"primaryImageOfPage\":{\"@id\":\"https:\/\/forhuman.mx\/blog\/gestion-de-crisis-que-procedimientos-tomar-en-redes-sociales\/#primaryimage\"},\"image\":{\"@id\":\"https:\/\/forhuman.mx\/blog\/gestion-de-crisis-que-procedimientos-tomar-en-redes-sociales\/#primaryimage\"},\"thumbnailUrl\":\"https:\/\/i0.wp.com\/forhuman.mx\/blog\/wp-content\/uploads\/2023\/02\/Gestion-de-crisis-%C2%BFQue-procedimientos-tomar-en-redes-sociales.png?fit=1920%2C1080&ssl=1\",\"datePublished\":\"2023-02-07T11:47:50+00:00\",\"dateModified\":\"2024-01-02T15:34:27+00:00\",\"description\":\"Tener protocolos durante las crisis empresariales pueden prevenir una variedad de situaciones. Conoce qu\u00e9 procedimientos tomar en redes\",\"breadcrumb\":{\"@id\":\"https:\/\/forhuman.mx\/blog\/gestion-de-crisis-que-procedimientos-tomar-en-redes-sociales\/#breadcrumb\"},\"inLanguage\":\"es\",\"potentialAction\":[{\"@type\":\"ReadAction\",\"target\":[\"https:\/\/forhuman.mx\/blog\/gestion-de-crisis-que-procedimientos-tomar-en-redes-sociales\/\"]}]},{\"@type\":\"ImageObject\",\"inLanguage\":\"es\",\"@id\":\"https:\/\/forhuman.mx\/blog\/gestion-de-crisis-que-procedimientos-tomar-en-redes-sociales\/#primaryimage\",\"url\":\"https:\/\/i0.wp.com\/forhuman.mx\/blog\/wp-content\/uploads\/2023\/02\/Gestion-de-crisis-%C2%BFQue-procedimientos-tomar-en-redes-sociales.png?fit=1920%2C1080&ssl=1\",\"contentUrl\":\"https:\/\/i0.wp.com\/forhuman.mx\/blog\/wp-content\/uploads\/2023\/02\/Gestion-de-crisis-%C2%BFQue-procedimientos-tomar-en-redes-sociales.png?fit=1920%2C1080&ssl=1\",\"width\":1920,\"height\":1080},{\"@type\":\"BreadcrumbList\",\"@id\":\"https:\/\/forhuman.mx\/blog\/gestion-de-crisis-que-procedimientos-tomar-en-redes-sociales\/#breadcrumb\",\"itemListElement\":[{\"@type\":\"ListItem\",\"position\":1,\"name\":\"Portada\",\"item\":\"https:\/\/forhuman.mx\/blog\/\"},{\"@type\":\"ListItem\",\"position\":2,\"name\":\"Gesti\u00f3n de crisis: \u00bfQu\u00e9 procedimientos tomar en redes sociales?\"}]},{\"@type\":\"WebSite\",\"@id\":\"https:\/\/forhuman.mx\/blog\/#website\",\"url\":\"https:\/\/forhuman.mx\/blog\/\",\"name\":\"Forhuman Blog\",\"description\":\"Reclutamos y seleccionamos talento para las empresas, contribuyendo a su humanizaci\u00f3n mediante nuestros servicios especializados, de estructura y defensa legal laboral.\",\"publisher\":{\"@id\":\"https:\/\/forhuman.mx\/blog\/#organization\"},\"potentialAction\":[{\"@type\":\"SearchAction\",\"target\":{\"@type\":\"EntryPoint\",\"urlTemplate\":\"https:\/\/forhuman.mx\/blog\/?s={search_term_string}\"},\"query-input\":{\"@type\":\"PropertyValueSpecification\",\"valueRequired\":true,\"valueName\":\"search_term_string\"}}],\"inLanguage\":\"es\"},{\"@type\":\"Organization\",\"@id\":\"https:\/\/forhuman.mx\/blog\/#organization\",\"name\":\"Forhuman Blog\",\"url\":\"https:\/\/forhuman.mx\/blog\/\",\"logo\":{\"@type\":\"ImageObject\",\"inLanguage\":\"es\",\"@id\":\"https:\/\/forhuman.mx\/blog\/#\/schema\/logo\/image\/\",\"url\":\"https:\/\/i0.wp.com\/forhuman.mx\/blog\/wp-content\/uploads\/2023\/08\/logo.png?fit=571%2C110&ssl=1\",\"contentUrl\":\"https:\/\/i0.wp.com\/forhuman.mx\/blog\/wp-content\/uploads\/2023\/08\/logo.png?fit=571%2C110&ssl=1\",\"width\":571,\"height\":110,\"caption\":\"Forhuman Blog\"},\"image\":{\"@id\":\"https:\/\/forhuman.mx\/blog\/#\/schema\/logo\/image\/\"}},{\"@type\":\"Person\",\"@id\":\"https:\/\/forhuman.mx\/blog\/#\/schema\/person\/851f2ffcb147a58cc67286c04fb6bda0\",\"name\":\"FORHUMAN\",\"image\":{\"@type\":\"ImageObject\",\"inLanguage\":\"es\",\"@id\":\"https:\/\/forhuman.mx\/blog\/#\/schema\/person\/image\/\",\"url\":\"https:\/\/i0.wp.com\/forhuman.mx\/blog\/wp-content\/uploads\/2023\/08\/logo-cuadrado-fondo-negro.png?fit=96%2C87&#038;ssl=1\",\"contentUrl\":\"https:\/\/i0.wp.com\/forhuman.mx\/blog\/wp-content\/uploads\/2023\/08\/logo-cuadrado-fondo-negro.png?fit=96%2C87&#038;ssl=1\",\"caption\":\"FORHUMAN\"},\"description\":\"Reclutamos y seleccionamos talento para las empresas, contribuyendo a su humanizaci\u00f3n mediante nuestros servicios especializados, de estructura y defensa legal laboral.\",\"sameAs\":[\"https:\/\/forhuman.mx\",\"facebook.com\/forhumanmx\",\"instagram.com\/forhumanmx\/\",\"linkedin.com\/company\/forhuman\/\",\"https:\/\/youtube.com\/channel\/UCJwyZnzZ9PNvOhl4siylFGQ\"],\"url\":\"https:\/\/forhuman.mx\/blog\/author\/forhumanmkt\/\"}]}<\/script>\n<!-- \/ Yoast SEO plugin. -->","yoast_head_json":{"title":"Gesti\u00f3n de crisis: \u00bfQu\u00e9 procedimientos tomar en redes sociales?","description":"Tener protocolos durante las crisis empresariales pueden prevenir una variedad de situaciones. Conoce qu\u00e9 procedimientos tomar en redes","robots":{"index":"index","follow":"follow","max-snippet":"max-snippet:-1","max-image-preview":"max-image-preview:large","max-video-preview":"max-video-preview:-1"},"canonical":"https:\/\/forhuman.mx\/blog\/gestion-de-crisis-que-procedimientos-tomar-en-redes-sociales\/","og_locale":"es_ES","og_type":"article","og_title":"Gesti\u00f3n de crisis: \u00bfQu\u00e9 procedimientos tomar en redes sociales?","og_description":"Tener protocolos durante las crisis empresariales pueden prevenir una variedad de situaciones. Conoce qu\u00e9 procedimientos tomar en redes","og_url":"https:\/\/forhuman.mx\/blog\/gestion-de-crisis-que-procedimientos-tomar-en-redes-sociales\/","og_site_name":"Forhuman Blog","article_author":"facebook.com\/forhumanmx","article_published_time":"2023-02-07T11:47:50+00:00","article_modified_time":"2024-01-02T15:34:27+00:00","og_image":[{"width":1920,"height":1080,"url":"https:\/\/forhuman.mx\/blog\/wp-content\/uploads\/2023\/02\/Gestion-de-crisis-\u00bfQue-procedimientos-tomar-en-redes-sociales.png","type":"image\/png"}],"author":"FORHUMAN","twitter_card":"summary_large_image","twitter_misc":{"Escrito por":"FORHUMAN","Tiempo de lectura":"2 minutos"},"schema":{"@context":"https:\/\/schema.org","@graph":[{"@type":"Article","@id":"https:\/\/forhuman.mx\/blog\/gestion-de-crisis-que-procedimientos-tomar-en-redes-sociales\/#article","isPartOf":{"@id":"https:\/\/forhuman.mx\/blog\/gestion-de-crisis-que-procedimientos-tomar-en-redes-sociales\/"},"author":{"name":"FORHUMAN","@id":"https:\/\/forhuman.mx\/blog\/#\/schema\/person\/851f2ffcb147a58cc67286c04fb6bda0"},"headline":"Gesti\u00f3n de crisis: \u00bfQu\u00e9 procedimientos tomar en redes sociales?","datePublished":"2023-02-07T11:47:50+00:00","dateModified":"2024-01-02T15:34:27+00:00","mainEntityOfPage":{"@id":"https:\/\/forhuman.mx\/blog\/gestion-de-crisis-que-procedimientos-tomar-en-redes-sociales\/"},"wordCount":437,"publisher":{"@id":"https:\/\/forhuman.mx\/blog\/#organization"},"image":{"@id":"https:\/\/forhuman.mx\/blog\/gestion-de-crisis-que-procedimientos-tomar-en-redes-sociales\/#primaryimage"},"thumbnailUrl":"https:\/\/i0.wp.com\/forhuman.mx\/blog\/wp-content\/uploads\/2023\/02\/Gestion-de-crisis-%C2%BFQue-procedimientos-tomar-en-redes-sociales.png?fit=1920%2C1080&ssl=1","keywords":["Capital Humano","Crisis empresarial","Forhuman","Gesti\u00f3n de crisis"],"articleSection":["Capital Humano"],"inLanguage":"es"},{"@type":"WebPage","@id":"https:\/\/forhuman.mx\/blog\/gestion-de-crisis-que-procedimientos-tomar-en-redes-sociales\/","url":"https:\/\/forhuman.mx\/blog\/gestion-de-crisis-que-procedimientos-tomar-en-redes-sociales\/","name":"Gesti\u00f3n de crisis: \u00bfQu\u00e9 procedimientos tomar en redes sociales?","isPartOf":{"@id":"https:\/\/forhuman.mx\/blog\/#website"},"primaryImageOfPage":{"@id":"https:\/\/forhuman.mx\/blog\/gestion-de-crisis-que-procedimientos-tomar-en-redes-sociales\/#primaryimage"},"image":{"@id":"https:\/\/forhuman.mx\/blog\/gestion-de-crisis-que-procedimientos-tomar-en-redes-sociales\/#primaryimage"},"thumbnailUrl":"https:\/\/i0.wp.com\/forhuman.mx\/blog\/wp-content\/uploads\/2023\/02\/Gestion-de-crisis-%C2%BFQue-procedimientos-tomar-en-redes-sociales.png?fit=1920%2C1080&ssl=1","datePublished":"2023-02-07T11:47:50+00:00","dateModified":"2024-01-02T15:34:27+00:00","description":"Tener protocolos durante las crisis empresariales pueden prevenir una variedad de situaciones. Conoce qu\u00e9 procedimientos tomar en redes","breadcrumb":{"@id":"https:\/\/forhuman.mx\/blog\/gestion-de-crisis-que-procedimientos-tomar-en-redes-sociales\/#breadcrumb"},"inLanguage":"es","potentialAction":[{"@type":"ReadAction","target":["https:\/\/forhuman.mx\/blog\/gestion-de-crisis-que-procedimientos-tomar-en-redes-sociales\/"]}]},{"@type":"ImageObject","inLanguage":"es","@id":"https:\/\/forhuman.mx\/blog\/gestion-de-crisis-que-procedimientos-tomar-en-redes-sociales\/#primaryimage","url":"https:\/\/i0.wp.com\/forhuman.mx\/blog\/wp-content\/uploads\/2023\/02\/Gestion-de-crisis-%C2%BFQue-procedimientos-tomar-en-redes-sociales.png?fit=1920%2C1080&ssl=1","contentUrl":"https:\/\/i0.wp.com\/forhuman.mx\/blog\/wp-content\/uploads\/2023\/02\/Gestion-de-crisis-%C2%BFQue-procedimientos-tomar-en-redes-sociales.png?fit=1920%2C1080&ssl=1","width":1920,"height":1080},{"@type":"BreadcrumbList","@id":"https:\/\/forhuman.mx\/blog\/gestion-de-crisis-que-procedimientos-tomar-en-redes-sociales\/#breadcrumb","itemListElement":[{"@type":"ListItem","position":1,"name":"Portada","item":"https:\/\/forhuman.mx\/blog\/"},{"@type":"ListItem","position":2,"name":"Gesti\u00f3n de crisis: \u00bfQu\u00e9 procedimientos tomar en redes sociales?"}]},{"@type":"WebSite","@id":"https:\/\/forhuman.mx\/blog\/#website","url":"https:\/\/forhuman.mx\/blog\/","name":"Forhuman Blog","description":"Reclutamos y seleccionamos talento para las empresas, contribuyendo a su humanizaci\u00f3n mediante nuestros servicios especializados, de estructura y defensa legal laboral.","publisher":{"@id":"https:\/\/forhuman.mx\/blog\/#organization"},"potentialAction":[{"@type":"SearchAction","target":{"@type":"EntryPoint","urlTemplate":"https:\/\/forhuman.mx\/blog\/?s={search_term_string}"},"query-input":{"@type":"PropertyValueSpecification","valueRequired":true,"valueName":"search_term_string"}}],"inLanguage":"es"},{"@type":"Organization","@id":"https:\/\/forhuman.mx\/blog\/#organization","name":"Forhuman Blog","url":"https:\/\/forhuman.mx\/blog\/","logo":{"@type":"ImageObject","inLanguage":"es","@id":"https:\/\/forhuman.mx\/blog\/#\/schema\/logo\/image\/","url":"https:\/\/i0.wp.com\/forhuman.mx\/blog\/wp-content\/uploads\/2023\/08\/logo.png?fit=571%2C110&ssl=1","contentUrl":"https:\/\/i0.wp.com\/forhuman.mx\/blog\/wp-content\/uploads\/2023\/08\/logo.png?fit=571%2C110&ssl=1","width":571,"height":110,"caption":"Forhuman Blog"},"image":{"@id":"https:\/\/forhuman.mx\/blog\/#\/schema\/logo\/image\/"}},{"@type":"Person","@id":"https:\/\/forhuman.mx\/blog\/#\/schema\/person\/851f2ffcb147a58cc67286c04fb6bda0","name":"FORHUMAN","image":{"@type":"ImageObject","inLanguage":"es","@id":"https:\/\/forhuman.mx\/blog\/#\/schema\/person\/image\/","url":"https:\/\/i0.wp.com\/forhuman.mx\/blog\/wp-content\/uploads\/2023\/08\/logo-cuadrado-fondo-negro.png?fit=96%2C87&#038;ssl=1","contentUrl":"https:\/\/i0.wp.com\/forhuman.mx\/blog\/wp-content\/uploads\/2023\/08\/logo-cuadrado-fondo-negro.png?fit=96%2C87&#038;ssl=1","caption":"FORHUMAN"},"description":"Reclutamos y seleccionamos talento para las empresas, contribuyendo a su humanizaci\u00f3n mediante nuestros servicios especializados, de estructura y defensa legal laboral.","sameAs":["https:\/\/forhuman.mx","facebook.com\/forhumanmx","instagram.com\/forhumanmx\/","linkedin.com\/company\/forhuman\/","https:\/\/youtube.com\/channel\/UCJwyZnzZ9PNvOhl4siylFGQ"],"url":"https:\/\/forhuman.mx\/blog\/author\/forhumanmkt\/"}]}},"jetpack_featured_media_url":"https:\/\/i0.wp.com\/forhuman.mx\/blog\/wp-content\/uploads\/2023\/02\/Gestion-de-crisis-%C2%BFQue-procedimientos-tomar-en-redes-sociales.png?fit=1920%2C1080&ssl=1","jetpack_sharing_enabled":true,"jetpack-related-posts":[{"id":170,"url":"https:\/\/forhuman.mx\/blog\/que-es-un-plan-de-gestion-de-crisis-empresarial-los-pasos-que-necesitas-para-crearlo\/","url_meta":{"origin":180,"position":0},"title":"\u00bfQu\u00e9 es un plan de gesti\u00f3n de crisis empresarial? \u00a1Los pasos que necesitas para crearlo!","author":"FORHUMAN","date":"7 de febrero de 2023","format":false,"excerpt":"El plan de gesti\u00f3n de crisis empresarial es un protocolo que la empresa deber\u00e1 seguir en caso de que una crisis impacte en la compa\u00f1\u00eda. \u00a1Conoce como crear tu plan en el siguiente blog!\u00a0 Primero entendamos \u00bfQu\u00e9 es plan de gesti\u00f3n empresarial?\u00a0 Es una serie de documentos que describen los\u2026","rel":"","context":"En \u00abCapital Humano\u00bb","block_context":{"text":"Capital Humano","link":"https:\/\/forhuman.mx\/blog\/category\/capital-humano\/"},"img":{"alt_text":"","src":"https:\/\/i0.wp.com\/forhuman.mx\/blog\/wp-content\/uploads\/2023\/02\/que-es-un-plan-de-gestion-de-crisis-empresarial.png?fit=1200%2C675&ssl=1&resize=350%2C200","width":350,"height":200,"srcset":"https:\/\/i0.wp.com\/forhuman.mx\/blog\/wp-content\/uploads\/2023\/02\/que-es-un-plan-de-gestion-de-crisis-empresarial.png?fit=1200%2C675&ssl=1&resize=350%2C200 1x, https:\/\/i0.wp.com\/forhuman.mx\/blog\/wp-content\/uploads\/2023\/02\/que-es-un-plan-de-gestion-de-crisis-empresarial.png?fit=1200%2C675&ssl=1&resize=525%2C300 1.5x, https:\/\/i0.wp.com\/forhuman.mx\/blog\/wp-content\/uploads\/2023\/02\/que-es-un-plan-de-gestion-de-crisis-empresarial.png?fit=1200%2C675&ssl=1&resize=700%2C400 2x, https:\/\/i0.wp.com\/forhuman.mx\/blog\/wp-content\/uploads\/2023\/02\/que-es-un-plan-de-gestion-de-crisis-empresarial.png?fit=1200%2C675&ssl=1&resize=1050%2C600 3x"},"classes":[]},{"id":177,"url":"https:\/\/forhuman.mx\/blog\/recursos-humanos-cual-es-el-rol-de-tu-departamento-durante-una-crisis-empresarial\/","url_meta":{"origin":180,"position":1},"title":"Recursos humanos: \u00bfCu\u00e1l es el rol de tu departamento durante una crisis empresarial?","author":"FORHUMAN","date":"7 de febrero de 2023","format":false,"excerpt":"El departamento de recursos humanos tiene diversas responsabilidades dentro de una organizaci\u00f3n o empresa, entre ellas la incorporaci\u00f3n del personal para la empresa; pero no es su \u00fanica funci\u00f3n. Conoce en este blog \u00bfCu\u00e1l es el rol del departamento de recursos humanos durante las crisis empresariales? \u00bfQu\u00e9 son las crisis\u2026","rel":"","context":"En \u00abCapital Humano\u00bb","block_context":{"text":"Capital Humano","link":"https:\/\/forhuman.mx\/blog\/category\/capital-humano\/"},"img":{"alt_text":"","src":"https:\/\/i0.wp.com\/forhuman.mx\/blog\/wp-content\/uploads\/2023\/02\/Recursos-humanos-%C2%BFCual-es-el-rol-de-tu-departamento-durante-una-crisis-empresarial.png?fit=1200%2C675&ssl=1&resize=350%2C200","width":350,"height":200,"srcset":"https:\/\/i0.wp.com\/forhuman.mx\/blog\/wp-content\/uploads\/2023\/02\/Recursos-humanos-%C2%BFCual-es-el-rol-de-tu-departamento-durante-una-crisis-empresarial.png?fit=1200%2C675&ssl=1&resize=350%2C200 1x, https:\/\/i0.wp.com\/forhuman.mx\/blog\/wp-content\/uploads\/2023\/02\/Recursos-humanos-%C2%BFCual-es-el-rol-de-tu-departamento-durante-una-crisis-empresarial.png?fit=1200%2C675&ssl=1&resize=525%2C300 1.5x, https:\/\/i0.wp.com\/forhuman.mx\/blog\/wp-content\/uploads\/2023\/02\/Recursos-humanos-%C2%BFCual-es-el-rol-de-tu-departamento-durante-una-crisis-empresarial.png?fit=1200%2C675&ssl=1&resize=700%2C400 2x, https:\/\/i0.wp.com\/forhuman.mx\/blog\/wp-content\/uploads\/2023\/02\/Recursos-humanos-%C2%BFCual-es-el-rol-de-tu-departamento-durante-una-crisis-empresarial.png?fit=1200%2C675&ssl=1&resize=1050%2C600 3x"},"classes":[]},{"id":119,"url":"https:\/\/forhuman.mx\/blog\/como-evaluar-los-riesgos-laborales-dentro-de-una-empresa\/","url_meta":{"origin":180,"position":2},"title":"\u00bfC\u00f3mo evaluar los riesgos laborales dentro de una empresa?","author":"FORHUMAN","date":"8 de febrero de 2023","format":false,"excerpt":"Los riesgos existen en cualquier lugar, incluso en las empresas. Sin embargo, dependiendo de la naturaleza de la empresa, podemos determinar si los riesgos son muchos o pocos. \u00a1Sigue leyendo este blog para conocer como puedes evaluar los riesgos laborales! \u00bfQu\u00e9 son los riesgos laborales? El riesgo dentro de una\u2026","rel":"","context":"En \u00abCapital Humano\u00bb","block_context":{"text":"Capital Humano","link":"https:\/\/forhuman.mx\/blog\/category\/capital-humano\/"},"img":{"alt_text":"","src":"https:\/\/i0.wp.com\/forhuman.mx\/blog\/wp-content\/uploads\/2023\/02\/como-evaluar-los-riesgos-laborales.png?fit=1200%2C675&ssl=1&resize=350%2C200","width":350,"height":200,"srcset":"https:\/\/i0.wp.com\/forhuman.mx\/blog\/wp-content\/uploads\/2023\/02\/como-evaluar-los-riesgos-laborales.png?fit=1200%2C675&ssl=1&resize=350%2C200 1x, https:\/\/i0.wp.com\/forhuman.mx\/blog\/wp-content\/uploads\/2023\/02\/como-evaluar-los-riesgos-laborales.png?fit=1200%2C675&ssl=1&resize=525%2C300 1.5x, https:\/\/i0.wp.com\/forhuman.mx\/blog\/wp-content\/uploads\/2023\/02\/como-evaluar-los-riesgos-laborales.png?fit=1200%2C675&ssl=1&resize=700%2C400 2x, https:\/\/i0.wp.com\/forhuman.mx\/blog\/wp-content\/uploads\/2023\/02\/como-evaluar-los-riesgos-laborales.png?fit=1200%2C675&ssl=1&resize=1050%2C600 3x"},"classes":[]},{"id":190,"url":"https:\/\/forhuman.mx\/blog\/como-lidiar-con-la-incertidumbre-dentro-de-las-empresas\/","url_meta":{"origin":180,"position":3},"title":"\u00bfC\u00f3mo lidiar con la incertidumbre dentro de las empresas?","author":"FORHUMAN","date":"4 de febrero de 2023","format":false,"excerpt":"Es com\u00fan que algunas empresas se enfrenten a situaciones de incertidumbre en ciertos momentos de la vida de la compa\u00f1\u00eda y en algunas ocasiones los directivos tienen problemas al momento de lidiar con esta problem\u00e1tica, pero \u00a1No te preocupes! En este blog te diremos lo que necesitas saber para lidiar\u2026","rel":"","context":"En \u00abCapital Humano\u00bb","block_context":{"text":"Capital Humano","link":"https:\/\/forhuman.mx\/blog\/category\/capital-humano\/"},"img":{"alt_text":"","src":"","width":0,"height":0},"classes":[]},{"id":111,"url":"https:\/\/forhuman.mx\/blog\/la-gran-renuncia-que-es-y-cuales-son-las-causas\/","url_meta":{"origin":180,"position":4},"title":"La gran renuncia: \u00bfQu\u00e9 es y cu\u00e1les son las causas?","author":"FORHUMAN","date":"9 de febrero de 2023","format":false,"excerpt":"Uno de los fen\u00f3menos m\u00e1s comunes dentro de las empresas al iniciar un nuevo a\u00f1o es la famosa \"Gran Renuncia\". \u00a1En este blog te contamos de que trata y cu\u00e1les son sus causas! \u00bfQu\u00e9 es la gran renuncia? Nombrado \u201cGreat Resignation\u201d o \u201cGran renuncia\u201d por el profesor Anthony Klotz, es\u2026","rel":"","context":"En \u00abCapital Humano\u00bb","block_context":{"text":"Capital Humano","link":"https:\/\/forhuman.mx\/blog\/category\/capital-humano\/"},"img":{"alt_text":"","src":"https:\/\/i0.wp.com\/forhuman.mx\/blog\/wp-content\/uploads\/2023\/02\/La-gran-renuncia-%C2%BFQue-es-y-cuales-son-las-causas.png?fit=1200%2C675&ssl=1&resize=350%2C200","width":350,"height":200,"srcset":"https:\/\/i0.wp.com\/forhuman.mx\/blog\/wp-content\/uploads\/2023\/02\/La-gran-renuncia-%C2%BFQue-es-y-cuales-son-las-causas.png?fit=1200%2C675&ssl=1&resize=350%2C200 1x, https:\/\/i0.wp.com\/forhuman.mx\/blog\/wp-content\/uploads\/2023\/02\/La-gran-renuncia-%C2%BFQue-es-y-cuales-son-las-causas.png?fit=1200%2C675&ssl=1&resize=525%2C300 1.5x, https:\/\/i0.wp.com\/forhuman.mx\/blog\/wp-content\/uploads\/2023\/02\/La-gran-renuncia-%C2%BFQue-es-y-cuales-son-las-causas.png?fit=1200%2C675&ssl=1&resize=700%2C400 2x, https:\/\/i0.wp.com\/forhuman.mx\/blog\/wp-content\/uploads\/2023\/02\/La-gran-renuncia-%C2%BFQue-es-y-cuales-son-las-causas.png?fit=1200%2C675&ssl=1&resize=1050%2C600 3x"},"classes":[]},{"id":271,"url":"https:\/\/forhuman.mx\/blog\/por-que-la-gente-se-va-de-su-trabajo\/","url_meta":{"origin":180,"position":5},"title":"\u00bfPor qu\u00e9 la gente se va de su trabajo?","author":"FORHUMAN","date":"3 de febrero de 2023","format":false,"excerpt":"A\u00fan cuando nos enfrentamos una crisis actual econ\u00f3mica, hay un factor constante en m\u00e1s de una empresa, y es que los empleados decidan renunciar a esta; por lo cual, existen diversos factores, en este blog te platicaremos de las razones m\u00e1s comunes de porqu\u00e9 la gente se va de su\u2026","rel":"","context":"En \u00abCapital Humano\u00bb","block_context":{"text":"Capital Humano","link":"https:\/\/forhuman.mx\/blog\/category\/capital-humano\/"},"img":{"alt_text":"","src":"https:\/\/i0.wp.com\/forhuman.mx\/blog\/wp-content\/uploads\/2023\/02\/Por-que-la-gente-se-va-de-su-trabajo.png?fit=780%2C410&ssl=1&resize=350%2C200","width":350,"height":200,"srcset":"https:\/\/i0.wp.com\/forhuman.mx\/blog\/wp-content\/uploads\/2023\/02\/Por-que-la-gente-se-va-de-su-trabajo.png?fit=780%2C410&ssl=1&resize=350%2C200 1x, https:\/\/i0.wp.com\/forhuman.mx\/blog\/wp-content\/uploads\/2023\/02\/Por-que-la-gente-se-va-de-su-trabajo.png?fit=780%2C410&ssl=1&resize=525%2C300 1.5x, https:\/\/i0.wp.com\/forhuman.mx\/blog\/wp-content\/uploads\/2023\/02\/Por-que-la-gente-se-va-de-su-trabajo.png?fit=780%2C410&ssl=1&resize=700%2C400 2x"},"classes":[]}],"_links":{"self":[{"href":"https:\/\/forhuman.mx\/blog\/wp-json\/wp\/v2\/posts\/180","targetHints":{"allow":["GET"]}}],"collection":[{"href":"https:\/\/forhuman.mx\/blog\/wp-json\/wp\/v2\/posts"}],"about":[{"href":"https:\/\/forhuman.mx\/blog\/wp-json\/wp\/v2\/types\/post"}],"author":[{"embeddable":true,"href":"https:\/\/forhuman.mx\/blog\/wp-json\/wp\/v2\/users\/1"}],"replies":[{"embeddable":true,"href":"https:\/\/forhuman.mx\/blog\/wp-json\/wp\/v2\/comments?post=180"}],"version-history":[{"count":1,"href":"https:\/\/forhuman.mx\/blog\/wp-json\/wp\/v2\/posts\/180\/revisions"}],"predecessor-version":[{"id":528,"href":"https:\/\/forhuman.mx\/blog\/wp-json\/wp\/v2\/posts\/180\/revisions\/528"}],"wp:featuredmedia":[{"embeddable":true,"href":"https:\/\/forhuman.mx\/blog\/wp-json\/wp\/v2\/media\/176"}],"wp:attachment":[{"href":"https:\/\/forhuman.mx\/blog\/wp-json\/wp\/v2\/media?parent=180"}],"wp:term":[{"taxonomy":"category","embeddable":true,"href":"https:\/\/forhuman.mx\/blog\/wp-json\/wp\/v2\/categories?post=180"},{"taxonomy":"post_tag","embeddable":true,"href":"https:\/\/forhuman.mx\/blog\/wp-json\/wp\/v2\/tags?post=180"}],"curies":[{"name":"wp","href":"https:\/\/api.w.org\/{rel}","templated":true}]}}