{"id":190,"date":"2023-02-04T19:43:46","date_gmt":"2023-02-04T18:43:46","guid":{"rendered":"https:\/\/forhuman.mx\/blog\/?p=2391"},"modified":"2024-01-02T09:34:31","modified_gmt":"2024-01-02T15:34:31","slug":"como-lidiar-con-la-incertidumbre-dentro-de-las-empresas","status":"publish","type":"post","link":"https:\/\/forhuman.mx\/blog\/como-lidiar-con-la-incertidumbre-dentro-de-las-empresas\/","title":{"rendered":"<strong>\u00bfC\u00f3mo lidiar con la incertidumbre dentro de las empresas?<\/strong>"},"content":{"rendered":"\n<p>Es com\u00fan que algunas empresas se enfrenten a situaciones de incertidumbre en ciertos momentos de la vida de la compa\u00f1\u00eda y en algunas ocasiones los directivos tienen problemas al momento de lidiar con esta problem\u00e1tica, pero \u00a1No te preocupes! En este blog te diremos lo que necesitas saber para lidiar con la incertidumbre dentro de tu negocio<\/p>\n\n\n\n<h2 class=\"wp-block-heading\"><strong>Empecemos con lo b\u00e1sico, \u00bfQu\u00e9 es la incertidumbre?&nbsp;<\/strong><\/h2>\n\n\n\n<p><strong>La incertidumbre<\/strong> en las empresas se generan cuando el negocio se enfrenta a situaciones complejas o, en la mayor\u00eda de los casos, impredecibles.&nbsp;<\/p>\n\n\n\n<p>Normalmente, las fuentes que generan incertidumbre de las empresas se originan por cuestiones que suceden en nuestro entorno, cuestiones que la empresa como tal no puede controlar: <strong>movimientos sociales, cambios tecnol\u00f3gicos, cuestiones pol\u00edticas, etc.&nbsp;<\/strong><\/p>\n\n\n\n<p>Cuando todos estos acontecimientos ocurren, es com\u00fan que dentro del empleado comience a surgir este sentimiento de incertidumbre debido a la falta de informaci\u00f3n y empiezan a cuestionar la estabilidad de la empresa en donde laboran.<\/p>\n\n\n\n<h2 class=\"wp-block-heading\"><strong>\u00bfComo afrontar la incertidumbre dentro de tu empresa?&nbsp;<\/strong><\/h2>\n\n\n\n<ul class=\"wp-block-list\">\n<li><strong>Tener apoyo psicol\u00f3gico<\/strong>. Aunque no lo crean, las situaciones de incertidumbre pueden afectar a diversos factores psicol\u00f3gicos, los empleados pueden reaccionar de manera negativa ante los momentos de incertidumbre. Sentimientos como la <strong>ansiedad<\/strong> y estados de <strong>p\u00e1nico<\/strong> pueden ser usuales en estas ocasiones.&nbsp;<\/li>\n<\/ul>\n\n\n\n<ul class=\"wp-block-list\">\n<li><strong>Busca respuestas. <\/strong>Reconocer de manera r\u00e1pida cu\u00e1l fue el detonante que genero el estado de incertidumbre dentro de la compa\u00f1\u00eda es necesario, ya que de esta manera se puede comenzar con un plan de <strong>manejo de crisis.<\/strong> En ciertas ocasiones, las empresas se tardan en detectar cu\u00e1l fue el problema, lo cual lleva al incremento de incertidumbre dentro de los empleados y debido a la mala gesti\u00f3n, la situaci\u00f3n puede terminar en un peor escenario.&nbsp;<\/li>\n<\/ul>\n\n\n\n<ul class=\"wp-block-list\">\n<li><strong>Define los mejores medios<\/strong>. Cuando nos encontramos en un caso donde la incertidumbre es alta, es necesario hacer un repaso de las m\u00faltiples <strong>opciones<\/strong> para salir de esta situaci\u00f3n, siempre teniendo en cuenta que es lo mejor para la reputaci\u00f3n de la empresa y las personas que la conforman.&nbsp;<\/li>\n<\/ul>\n\n\n\n<ul class=\"wp-block-list\">\n<li><strong>Siempre firmes. <\/strong>Una vez encontrada la mejor soluci\u00f3n para el futuro de la empresa, es importante mantenerse firmes (a no ser que una decisi\u00f3n m\u00e1s acertada se presente), ya que, si se comienzan a cambiar las decisiones a diestra y siniestra, la incertidumbre puede incrementar.<\/li>\n<\/ul>\n\n\n\n<p>En conclusi\u00f3n, es necesario que en momentos de incertidumbre podamos tanto detectar el problema con rapidez, como llegar a una soluci\u00f3n. Gracias a esto, podemos reducir el estado de tensi\u00f3n que se encuentra en el \u00e1rea de trabajo de los empleados y el camino de la compa\u00f1\u00eda no se vera afectada.\u00a1Si te interesa conocer m\u00e1s sobre capital humano <strong>s\u00edguenos<\/strong> en nuestras redes sociales!<\/p>\n","protected":false},"excerpt":{"rendered":"<p>Es com\u00fan que algunas empresas se enfrenten a situaciones de incertidumbre en ciertos momentos de la vida de la compa\u00f1\u00eda y en algunas ocasiones los directivos tienen problemas al momento de lidiar con esta problem\u00e1tica, pero \u00a1No te preocupes! En este blog te diremos lo que necesitas saber para lidiar con la incertidumbre dentro de [&hellip;]<\/p>\n","protected":false},"author":1,"featured_media":191,"comment_status":"closed","ping_status":"open","sticky":false,"template":"","format":"standard","meta":{"_jetpack_memberships_contains_paid_content":false,"footnotes":""},"categories":[3],"tags":[4,11,99,98],"class_list":["post-190","post","type-post","status-publish","format-standard","has-post-thumbnail","hentry","category-capital-humano","tag-capital-humano","tag-forhuman","tag-incertidumbre","tag-incertidumbre-empresarial"],"yoast_head":"<!-- This site is optimized with the Yoast SEO plugin v27.0 - https:\/\/yoast.com\/product\/yoast-seo-wordpress\/ -->\n<title>\u00bfC\u00f3mo lidiar con la incertidumbre dentro de las empresas?<\/title>\n<meta name=\"description\" content=\"Es com\u00fan que algunas empresas se enfrenten a situaciones de incertidumbre. En este blog te diremos lo que necesitas saber para lidiar con ella\" \/>\n<meta name=\"robots\" content=\"index, follow, max-snippet:-1, max-image-preview:large, max-video-preview:-1\" \/>\n<link rel=\"canonical\" href=\"https:\/\/forhuman.mx\/blog\/como-lidiar-con-la-incertidumbre-dentro-de-las-empresas\/\" \/>\n<meta property=\"og:locale\" content=\"es_ES\" \/>\n<meta property=\"og:type\" content=\"article\" \/>\n<meta property=\"og:title\" content=\"\u00bfC\u00f3mo lidiar con la incertidumbre dentro de las empresas?\" \/>\n<meta property=\"og:description\" content=\"Es com\u00fan que algunas empresas se enfrenten a situaciones de incertidumbre. En este blog te diremos lo que necesitas saber para lidiar con ella\" \/>\n<meta property=\"og:url\" content=\"https:\/\/forhuman.mx\/blog\/como-lidiar-con-la-incertidumbre-dentro-de-las-empresas\/\" \/>\n<meta property=\"og:site_name\" content=\"Forhuman Blog\" \/>\n<meta property=\"article:author\" content=\"facebook.com\/forhumanmx\" \/>\n<meta property=\"article:published_time\" content=\"2023-02-04T18:43:46+00:00\" \/>\n<meta property=\"article:modified_time\" content=\"2024-01-02T15:34:31+00:00\" \/>\n<meta property=\"og:image\" content=\"https:\/\/forhuman.mx\/blog\/wp-content\/uploads\/2023\/02\/como-lidiar-con-la-incertidumbre-dentro-de-las-empresas.png\" \/>\n\t<meta property=\"og:image:width\" content=\"318\" \/>\n\t<meta property=\"og:image:height\" content=\"189\" \/>\n\t<meta property=\"og:image:type\" content=\"image\/png\" \/>\n<meta name=\"author\" content=\"FORHUMAN\" \/>\n<meta name=\"twitter:card\" content=\"summary_large_image\" \/>\n<meta name=\"twitter:label1\" content=\"Escrito por\" \/>\n\t<meta name=\"twitter:data1\" content=\"FORHUMAN\" \/>\n\t<meta name=\"twitter:label2\" content=\"Tiempo de lectura\" \/>\n\t<meta name=\"twitter:data2\" content=\"3 minutos\" \/>\n<script type=\"application\/ld+json\" class=\"yoast-schema-graph\">{\"@context\":\"https:\/\/schema.org\",\"@graph\":[{\"@type\":\"Article\",\"@id\":\"https:\/\/forhuman.mx\/blog\/como-lidiar-con-la-incertidumbre-dentro-de-las-empresas\/#article\",\"isPartOf\":{\"@id\":\"https:\/\/forhuman.mx\/blog\/como-lidiar-con-la-incertidumbre-dentro-de-las-empresas\/\"},\"author\":{\"name\":\"FORHUMAN\",\"@id\":\"https:\/\/forhuman.mx\/blog\/#\/schema\/person\/851f2ffcb147a58cc67286c04fb6bda0\"},\"headline\":\"\u00bfC\u00f3mo lidiar con la incertidumbre dentro de las empresas?\",\"datePublished\":\"2023-02-04T18:43:46+00:00\",\"dateModified\":\"2024-01-02T15:34:31+00:00\",\"mainEntityOfPage\":{\"@id\":\"https:\/\/forhuman.mx\/blog\/como-lidiar-con-la-incertidumbre-dentro-de-las-empresas\/\"},\"wordCount\":489,\"publisher\":{\"@id\":\"https:\/\/forhuman.mx\/blog\/#organization\"},\"image\":{\"@id\":\"https:\/\/forhuman.mx\/blog\/como-lidiar-con-la-incertidumbre-dentro-de-las-empresas\/#primaryimage\"},\"thumbnailUrl\":\"https:\/\/i0.wp.com\/forhuman.mx\/blog\/wp-content\/uploads\/2023\/02\/como-lidiar-con-la-incertidumbre-dentro-de-las-empresas.png?fit=318%2C189&ssl=1\",\"keywords\":[\"Capital Humano\",\"Forhuman\",\"Incertidumbre\",\"Incertidumbre empresarial\"],\"articleSection\":[\"Capital Humano\"],\"inLanguage\":\"es\"},{\"@type\":\"WebPage\",\"@id\":\"https:\/\/forhuman.mx\/blog\/como-lidiar-con-la-incertidumbre-dentro-de-las-empresas\/\",\"url\":\"https:\/\/forhuman.mx\/blog\/como-lidiar-con-la-incertidumbre-dentro-de-las-empresas\/\",\"name\":\"\u00bfC\u00f3mo lidiar con la incertidumbre dentro de las empresas?\",\"isPartOf\":{\"@id\":\"https:\/\/forhuman.mx\/blog\/#website\"},\"primaryImageOfPage\":{\"@id\":\"https:\/\/forhuman.mx\/blog\/como-lidiar-con-la-incertidumbre-dentro-de-las-empresas\/#primaryimage\"},\"image\":{\"@id\":\"https:\/\/forhuman.mx\/blog\/como-lidiar-con-la-incertidumbre-dentro-de-las-empresas\/#primaryimage\"},\"thumbnailUrl\":\"https:\/\/i0.wp.com\/forhuman.mx\/blog\/wp-content\/uploads\/2023\/02\/como-lidiar-con-la-incertidumbre-dentro-de-las-empresas.png?fit=318%2C189&ssl=1\",\"datePublished\":\"2023-02-04T18:43:46+00:00\",\"dateModified\":\"2024-01-02T15:34:31+00:00\",\"description\":\"Es com\u00fan que algunas empresas se enfrenten a situaciones de incertidumbre. En este blog te diremos lo que necesitas saber para lidiar con ella\",\"breadcrumb\":{\"@id\":\"https:\/\/forhuman.mx\/blog\/como-lidiar-con-la-incertidumbre-dentro-de-las-empresas\/#breadcrumb\"},\"inLanguage\":\"es\",\"potentialAction\":[{\"@type\":\"ReadAction\",\"target\":[\"https:\/\/forhuman.mx\/blog\/como-lidiar-con-la-incertidumbre-dentro-de-las-empresas\/\"]}]},{\"@type\":\"ImageObject\",\"inLanguage\":\"es\",\"@id\":\"https:\/\/forhuman.mx\/blog\/como-lidiar-con-la-incertidumbre-dentro-de-las-empresas\/#primaryimage\",\"url\":\"https:\/\/i0.wp.com\/forhuman.mx\/blog\/wp-content\/uploads\/2023\/02\/como-lidiar-con-la-incertidumbre-dentro-de-las-empresas.png?fit=318%2C189&ssl=1\",\"contentUrl\":\"https:\/\/i0.wp.com\/forhuman.mx\/blog\/wp-content\/uploads\/2023\/02\/como-lidiar-con-la-incertidumbre-dentro-de-las-empresas.png?fit=318%2C189&ssl=1\",\"width\":318,\"height\":189},{\"@type\":\"BreadcrumbList\",\"@id\":\"https:\/\/forhuman.mx\/blog\/como-lidiar-con-la-incertidumbre-dentro-de-las-empresas\/#breadcrumb\",\"itemListElement\":[{\"@type\":\"ListItem\",\"position\":1,\"name\":\"Portada\",\"item\":\"https:\/\/forhuman.mx\/blog\/\"},{\"@type\":\"ListItem\",\"position\":2,\"name\":\"\u00bfC\u00f3mo lidiar con la incertidumbre dentro de las empresas?\"}]},{\"@type\":\"WebSite\",\"@id\":\"https:\/\/forhuman.mx\/blog\/#website\",\"url\":\"https:\/\/forhuman.mx\/blog\/\",\"name\":\"Forhuman Blog\",\"description\":\"Reclutamos y seleccionamos talento para las empresas, contribuyendo a su humanizaci\u00f3n mediante nuestros servicios especializados, de estructura y defensa legal laboral.\",\"publisher\":{\"@id\":\"https:\/\/forhuman.mx\/blog\/#organization\"},\"potentialAction\":[{\"@type\":\"SearchAction\",\"target\":{\"@type\":\"EntryPoint\",\"urlTemplate\":\"https:\/\/forhuman.mx\/blog\/?s={search_term_string}\"},\"query-input\":{\"@type\":\"PropertyValueSpecification\",\"valueRequired\":true,\"valueName\":\"search_term_string\"}}],\"inLanguage\":\"es\"},{\"@type\":\"Organization\",\"@id\":\"https:\/\/forhuman.mx\/blog\/#organization\",\"name\":\"Forhuman Blog\",\"url\":\"https:\/\/forhuman.mx\/blog\/\",\"logo\":{\"@type\":\"ImageObject\",\"inLanguage\":\"es\",\"@id\":\"https:\/\/forhuman.mx\/blog\/#\/schema\/logo\/image\/\",\"url\":\"https:\/\/i0.wp.com\/forhuman.mx\/blog\/wp-content\/uploads\/2023\/08\/logo.png?fit=571%2C110&ssl=1\",\"contentUrl\":\"https:\/\/i0.wp.com\/forhuman.mx\/blog\/wp-content\/uploads\/2023\/08\/logo.png?fit=571%2C110&ssl=1\",\"width\":571,\"height\":110,\"caption\":\"Forhuman Blog\"},\"image\":{\"@id\":\"https:\/\/forhuman.mx\/blog\/#\/schema\/logo\/image\/\"}},{\"@type\":\"Person\",\"@id\":\"https:\/\/forhuman.mx\/blog\/#\/schema\/person\/851f2ffcb147a58cc67286c04fb6bda0\",\"name\":\"FORHUMAN\",\"image\":{\"@type\":\"ImageObject\",\"inLanguage\":\"es\",\"@id\":\"https:\/\/forhuman.mx\/blog\/#\/schema\/person\/image\/\",\"url\":\"https:\/\/i0.wp.com\/forhuman.mx\/blog\/wp-content\/uploads\/2023\/08\/logo-cuadrado-fondo-negro.png?fit=96%2C87&#038;ssl=1\",\"contentUrl\":\"https:\/\/i0.wp.com\/forhuman.mx\/blog\/wp-content\/uploads\/2023\/08\/logo-cuadrado-fondo-negro.png?fit=96%2C87&#038;ssl=1\",\"caption\":\"FORHUMAN\"},\"description\":\"Reclutamos y seleccionamos talento para las empresas, contribuyendo a su humanizaci\u00f3n mediante nuestros servicios especializados, de estructura y defensa legal laboral.\",\"sameAs\":[\"https:\/\/forhuman.mx\",\"facebook.com\/forhumanmx\",\"instagram.com\/forhumanmx\/\",\"linkedin.com\/company\/forhuman\/\",\"https:\/\/youtube.com\/channel\/UCJwyZnzZ9PNvOhl4siylFGQ\"],\"url\":\"https:\/\/forhuman.mx\/blog\/author\/forhumanmkt\/\"}]}<\/script>\n<!-- \/ Yoast SEO plugin. -->","yoast_head_json":{"title":"\u00bfC\u00f3mo lidiar con la incertidumbre dentro de las empresas?","description":"Es com\u00fan que algunas empresas se enfrenten a situaciones de incertidumbre. En este blog te diremos lo que necesitas saber para lidiar con ella","robots":{"index":"index","follow":"follow","max-snippet":"max-snippet:-1","max-image-preview":"max-image-preview:large","max-video-preview":"max-video-preview:-1"},"canonical":"https:\/\/forhuman.mx\/blog\/como-lidiar-con-la-incertidumbre-dentro-de-las-empresas\/","og_locale":"es_ES","og_type":"article","og_title":"\u00bfC\u00f3mo lidiar con la incertidumbre dentro de las empresas?","og_description":"Es com\u00fan que algunas empresas se enfrenten a situaciones de incertidumbre. En este blog te diremos lo que necesitas saber para lidiar con ella","og_url":"https:\/\/forhuman.mx\/blog\/como-lidiar-con-la-incertidumbre-dentro-de-las-empresas\/","og_site_name":"Forhuman Blog","article_author":"facebook.com\/forhumanmx","article_published_time":"2023-02-04T18:43:46+00:00","article_modified_time":"2024-01-02T15:34:31+00:00","og_image":[{"width":318,"height":189,"url":"https:\/\/forhuman.mx\/blog\/wp-content\/uploads\/2023\/02\/como-lidiar-con-la-incertidumbre-dentro-de-las-empresas.png","type":"image\/png"}],"author":"FORHUMAN","twitter_card":"summary_large_image","twitter_misc":{"Escrito por":"FORHUMAN","Tiempo de lectura":"3 minutos"},"schema":{"@context":"https:\/\/schema.org","@graph":[{"@type":"Article","@id":"https:\/\/forhuman.mx\/blog\/como-lidiar-con-la-incertidumbre-dentro-de-las-empresas\/#article","isPartOf":{"@id":"https:\/\/forhuman.mx\/blog\/como-lidiar-con-la-incertidumbre-dentro-de-las-empresas\/"},"author":{"name":"FORHUMAN","@id":"https:\/\/forhuman.mx\/blog\/#\/schema\/person\/851f2ffcb147a58cc67286c04fb6bda0"},"headline":"\u00bfC\u00f3mo lidiar con la incertidumbre dentro de las empresas?","datePublished":"2023-02-04T18:43:46+00:00","dateModified":"2024-01-02T15:34:31+00:00","mainEntityOfPage":{"@id":"https:\/\/forhuman.mx\/blog\/como-lidiar-con-la-incertidumbre-dentro-de-las-empresas\/"},"wordCount":489,"publisher":{"@id":"https:\/\/forhuman.mx\/blog\/#organization"},"image":{"@id":"https:\/\/forhuman.mx\/blog\/como-lidiar-con-la-incertidumbre-dentro-de-las-empresas\/#primaryimage"},"thumbnailUrl":"https:\/\/i0.wp.com\/forhuman.mx\/blog\/wp-content\/uploads\/2023\/02\/como-lidiar-con-la-incertidumbre-dentro-de-las-empresas.png?fit=318%2C189&ssl=1","keywords":["Capital Humano","Forhuman","Incertidumbre","Incertidumbre empresarial"],"articleSection":["Capital Humano"],"inLanguage":"es"},{"@type":"WebPage","@id":"https:\/\/forhuman.mx\/blog\/como-lidiar-con-la-incertidumbre-dentro-de-las-empresas\/","url":"https:\/\/forhuman.mx\/blog\/como-lidiar-con-la-incertidumbre-dentro-de-las-empresas\/","name":"\u00bfC\u00f3mo lidiar con la incertidumbre dentro de las empresas?","isPartOf":{"@id":"https:\/\/forhuman.mx\/blog\/#website"},"primaryImageOfPage":{"@id":"https:\/\/forhuman.mx\/blog\/como-lidiar-con-la-incertidumbre-dentro-de-las-empresas\/#primaryimage"},"image":{"@id":"https:\/\/forhuman.mx\/blog\/como-lidiar-con-la-incertidumbre-dentro-de-las-empresas\/#primaryimage"},"thumbnailUrl":"https:\/\/i0.wp.com\/forhuman.mx\/blog\/wp-content\/uploads\/2023\/02\/como-lidiar-con-la-incertidumbre-dentro-de-las-empresas.png?fit=318%2C189&ssl=1","datePublished":"2023-02-04T18:43:46+00:00","dateModified":"2024-01-02T15:34:31+00:00","description":"Es com\u00fan que algunas empresas se enfrenten a situaciones de incertidumbre. En este blog te diremos lo que necesitas saber para lidiar con ella","breadcrumb":{"@id":"https:\/\/forhuman.mx\/blog\/como-lidiar-con-la-incertidumbre-dentro-de-las-empresas\/#breadcrumb"},"inLanguage":"es","potentialAction":[{"@type":"ReadAction","target":["https:\/\/forhuman.mx\/blog\/como-lidiar-con-la-incertidumbre-dentro-de-las-empresas\/"]}]},{"@type":"ImageObject","inLanguage":"es","@id":"https:\/\/forhuman.mx\/blog\/como-lidiar-con-la-incertidumbre-dentro-de-las-empresas\/#primaryimage","url":"https:\/\/i0.wp.com\/forhuman.mx\/blog\/wp-content\/uploads\/2023\/02\/como-lidiar-con-la-incertidumbre-dentro-de-las-empresas.png?fit=318%2C189&ssl=1","contentUrl":"https:\/\/i0.wp.com\/forhuman.mx\/blog\/wp-content\/uploads\/2023\/02\/como-lidiar-con-la-incertidumbre-dentro-de-las-empresas.png?fit=318%2C189&ssl=1","width":318,"height":189},{"@type":"BreadcrumbList","@id":"https:\/\/forhuman.mx\/blog\/como-lidiar-con-la-incertidumbre-dentro-de-las-empresas\/#breadcrumb","itemListElement":[{"@type":"ListItem","position":1,"name":"Portada","item":"https:\/\/forhuman.mx\/blog\/"},{"@type":"ListItem","position":2,"name":"\u00bfC\u00f3mo lidiar con la incertidumbre dentro de las empresas?"}]},{"@type":"WebSite","@id":"https:\/\/forhuman.mx\/blog\/#website","url":"https:\/\/forhuman.mx\/blog\/","name":"Forhuman Blog","description":"Reclutamos y seleccionamos talento para las empresas, contribuyendo a su humanizaci\u00f3n mediante nuestros servicios especializados, de estructura y defensa legal laboral.","publisher":{"@id":"https:\/\/forhuman.mx\/blog\/#organization"},"potentialAction":[{"@type":"SearchAction","target":{"@type":"EntryPoint","urlTemplate":"https:\/\/forhuman.mx\/blog\/?s={search_term_string}"},"query-input":{"@type":"PropertyValueSpecification","valueRequired":true,"valueName":"search_term_string"}}],"inLanguage":"es"},{"@type":"Organization","@id":"https:\/\/forhuman.mx\/blog\/#organization","name":"Forhuman Blog","url":"https:\/\/forhuman.mx\/blog\/","logo":{"@type":"ImageObject","inLanguage":"es","@id":"https:\/\/forhuman.mx\/blog\/#\/schema\/logo\/image\/","url":"https:\/\/i0.wp.com\/forhuman.mx\/blog\/wp-content\/uploads\/2023\/08\/logo.png?fit=571%2C110&ssl=1","contentUrl":"https:\/\/i0.wp.com\/forhuman.mx\/blog\/wp-content\/uploads\/2023\/08\/logo.png?fit=571%2C110&ssl=1","width":571,"height":110,"caption":"Forhuman Blog"},"image":{"@id":"https:\/\/forhuman.mx\/blog\/#\/schema\/logo\/image\/"}},{"@type":"Person","@id":"https:\/\/forhuman.mx\/blog\/#\/schema\/person\/851f2ffcb147a58cc67286c04fb6bda0","name":"FORHUMAN","image":{"@type":"ImageObject","inLanguage":"es","@id":"https:\/\/forhuman.mx\/blog\/#\/schema\/person\/image\/","url":"https:\/\/i0.wp.com\/forhuman.mx\/blog\/wp-content\/uploads\/2023\/08\/logo-cuadrado-fondo-negro.png?fit=96%2C87&#038;ssl=1","contentUrl":"https:\/\/i0.wp.com\/forhuman.mx\/blog\/wp-content\/uploads\/2023\/08\/logo-cuadrado-fondo-negro.png?fit=96%2C87&#038;ssl=1","caption":"FORHUMAN"},"description":"Reclutamos y seleccionamos talento para las empresas, contribuyendo a su humanizaci\u00f3n mediante nuestros servicios especializados, de estructura y defensa legal laboral.","sameAs":["https:\/\/forhuman.mx","facebook.com\/forhumanmx","instagram.com\/forhumanmx\/","linkedin.com\/company\/forhuman\/","https:\/\/youtube.com\/channel\/UCJwyZnzZ9PNvOhl4siylFGQ"],"url":"https:\/\/forhuman.mx\/blog\/author\/forhumanmkt\/"}]}},"jetpack_featured_media_url":"https:\/\/i0.wp.com\/forhuman.mx\/blog\/wp-content\/uploads\/2023\/02\/como-lidiar-con-la-incertidumbre-dentro-de-las-empresas.png?fit=318%2C189&ssl=1","jetpack_sharing_enabled":true,"jetpack-related-posts":[{"id":177,"url":"https:\/\/forhuman.mx\/blog\/recursos-humanos-cual-es-el-rol-de-tu-departamento-durante-una-crisis-empresarial\/","url_meta":{"origin":190,"position":0},"title":"Recursos humanos: \u00bfCu\u00e1l es el rol de tu departamento durante una crisis empresarial?","author":"FORHUMAN","date":"7 de febrero de 2023","format":false,"excerpt":"El departamento de recursos humanos tiene diversas responsabilidades dentro de una organizaci\u00f3n o empresa, entre ellas la incorporaci\u00f3n del personal para la empresa; pero no es su \u00fanica funci\u00f3n. Conoce en este blog \u00bfCu\u00e1l es el rol del departamento de recursos humanos durante las crisis empresariales? \u00bfQu\u00e9 son las crisis\u2026","rel":"","context":"En \u00abCapital Humano\u00bb","block_context":{"text":"Capital Humano","link":"https:\/\/forhuman.mx\/blog\/category\/capital-humano\/"},"img":{"alt_text":"","src":"https:\/\/i0.wp.com\/forhuman.mx\/blog\/wp-content\/uploads\/2023\/02\/Recursos-humanos-%C2%BFCual-es-el-rol-de-tu-departamento-durante-una-crisis-empresarial.png?fit=1200%2C675&ssl=1&resize=350%2C200","width":350,"height":200,"srcset":"https:\/\/i0.wp.com\/forhuman.mx\/blog\/wp-content\/uploads\/2023\/02\/Recursos-humanos-%C2%BFCual-es-el-rol-de-tu-departamento-durante-una-crisis-empresarial.png?fit=1200%2C675&ssl=1&resize=350%2C200 1x, https:\/\/i0.wp.com\/forhuman.mx\/blog\/wp-content\/uploads\/2023\/02\/Recursos-humanos-%C2%BFCual-es-el-rol-de-tu-departamento-durante-una-crisis-empresarial.png?fit=1200%2C675&ssl=1&resize=525%2C300 1.5x, https:\/\/i0.wp.com\/forhuman.mx\/blog\/wp-content\/uploads\/2023\/02\/Recursos-humanos-%C2%BFCual-es-el-rol-de-tu-departamento-durante-una-crisis-empresarial.png?fit=1200%2C675&ssl=1&resize=700%2C400 2x, https:\/\/i0.wp.com\/forhuman.mx\/blog\/wp-content\/uploads\/2023\/02\/Recursos-humanos-%C2%BFCual-es-el-rol-de-tu-departamento-durante-una-crisis-empresarial.png?fit=1200%2C675&ssl=1&resize=1050%2C600 3x"},"classes":[]},{"id":251,"url":"https:\/\/forhuman.mx\/blog\/causas-de-estres-en-el-trabajo\/","url_meta":{"origin":190,"position":1},"title":"Causas de estr\u00e9s en el trabajo","author":"FORHUMAN","date":"3 de febrero de 2023","format":false,"excerpt":"Existen diferentes causas y motivos que pueden generar estr\u00e9s en el trabajo, causando un bajo rendimiento laboral. Detectarlas y encontrar formas de disminuirlas o erradicarlas es fundamental para generar una optimizaci\u00f3n dentro del equipo de colaboradores, en este blog hablaremos de las principales causas de estr\u00e9s para detectarlas. La imposibilidad\u2026","rel":"","context":"En \u00abCapital Humano\u00bb","block_context":{"text":"Capital Humano","link":"https:\/\/forhuman.mx\/blog\/category\/capital-humano\/"},"img":{"alt_text":"","src":"https:\/\/i0.wp.com\/forhuman.mx\/blog\/wp-content\/uploads\/2023\/02\/Causas-de-estres-en-el-trabajo.png?fit=780%2C410&ssl=1&resize=350%2C200","width":350,"height":200,"srcset":"https:\/\/i0.wp.com\/forhuman.mx\/blog\/wp-content\/uploads\/2023\/02\/Causas-de-estres-en-el-trabajo.png?fit=780%2C410&ssl=1&resize=350%2C200 1x, https:\/\/i0.wp.com\/forhuman.mx\/blog\/wp-content\/uploads\/2023\/02\/Causas-de-estres-en-el-trabajo.png?fit=780%2C410&ssl=1&resize=525%2C300 1.5x, https:\/\/i0.wp.com\/forhuman.mx\/blog\/wp-content\/uploads\/2023\/02\/Causas-de-estres-en-el-trabajo.png?fit=780%2C410&ssl=1&resize=700%2C400 2x"},"classes":[]},{"id":121,"url":"https:\/\/forhuman.mx\/blog\/comunicacion-empresarial-tecnicas-para-un-buen-funcionamiento-interno\/","url_meta":{"origin":190,"position":2},"title":"Comunicaci\u00f3n empresarial: t\u00e9cnicas para un buen funcionamiento interno.","author":"FORHUMAN","date":"8 de febrero de 2023","format":false,"excerpt":"Las empresas funcionan como el cuerpo humano, es un organismo en donde todos cumplen una funci\u00f3n y es por eso que una buena comunicaci\u00f3n es indispensable para el funcionamiento correcto de la empresa en donde laboramos. \u00a1En este blog descubrir\u00e1s algunas t\u00e9cnicas para mejorar la comunicaci\u00f3n empresarial! Importancia de la\u2026","rel":"","context":"En \u00abCapital Humano\u00bb","block_context":{"text":"Capital Humano","link":"https:\/\/forhuman.mx\/blog\/category\/capital-humano\/"},"img":{"alt_text":"","src":"https:\/\/i0.wp.com\/forhuman.mx\/blog\/wp-content\/uploads\/2023\/02\/comunicacion-empresarial.png?fit=1200%2C675&ssl=1&resize=350%2C200","width":350,"height":200,"srcset":"https:\/\/i0.wp.com\/forhuman.mx\/blog\/wp-content\/uploads\/2023\/02\/comunicacion-empresarial.png?fit=1200%2C675&ssl=1&resize=350%2C200 1x, https:\/\/i0.wp.com\/forhuman.mx\/blog\/wp-content\/uploads\/2023\/02\/comunicacion-empresarial.png?fit=1200%2C675&ssl=1&resize=525%2C300 1.5x, https:\/\/i0.wp.com\/forhuman.mx\/blog\/wp-content\/uploads\/2023\/02\/comunicacion-empresarial.png?fit=1200%2C675&ssl=1&resize=700%2C400 2x, https:\/\/i0.wp.com\/forhuman.mx\/blog\/wp-content\/uploads\/2023\/02\/comunicacion-empresarial.png?fit=1200%2C675&ssl=1&resize=1050%2C600 3x"},"classes":[]},{"id":119,"url":"https:\/\/forhuman.mx\/blog\/como-evaluar-los-riesgos-laborales-dentro-de-una-empresa\/","url_meta":{"origin":190,"position":3},"title":"\u00bfC\u00f3mo evaluar los riesgos laborales dentro de una empresa?","author":"FORHUMAN","date":"8 de febrero de 2023","format":false,"excerpt":"Los riesgos existen en cualquier lugar, incluso en las empresas. Sin embargo, dependiendo de la naturaleza de la empresa, podemos determinar si los riesgos son muchos o pocos. \u00a1Sigue leyendo este blog para conocer como puedes evaluar los riesgos laborales! \u00bfQu\u00e9 son los riesgos laborales? El riesgo dentro de una\u2026","rel":"","context":"En \u00abCapital Humano\u00bb","block_context":{"text":"Capital Humano","link":"https:\/\/forhuman.mx\/blog\/category\/capital-humano\/"},"img":{"alt_text":"","src":"https:\/\/i0.wp.com\/forhuman.mx\/blog\/wp-content\/uploads\/2023\/02\/como-evaluar-los-riesgos-laborales.png?fit=1200%2C675&ssl=1&resize=350%2C200","width":350,"height":200,"srcset":"https:\/\/i0.wp.com\/forhuman.mx\/blog\/wp-content\/uploads\/2023\/02\/como-evaluar-los-riesgos-laborales.png?fit=1200%2C675&ssl=1&resize=350%2C200 1x, https:\/\/i0.wp.com\/forhuman.mx\/blog\/wp-content\/uploads\/2023\/02\/como-evaluar-los-riesgos-laborales.png?fit=1200%2C675&ssl=1&resize=525%2C300 1.5x, https:\/\/i0.wp.com\/forhuman.mx\/blog\/wp-content\/uploads\/2023\/02\/como-evaluar-los-riesgos-laborales.png?fit=1200%2C675&ssl=1&resize=700%2C400 2x, https:\/\/i0.wp.com\/forhuman.mx\/blog\/wp-content\/uploads\/2023\/02\/como-evaluar-los-riesgos-laborales.png?fit=1200%2C675&ssl=1&resize=1050%2C600 3x"},"classes":[]},{"id":143,"url":"https:\/\/forhuman.mx\/blog\/que-son-los-planes-de-carrera-y-como-elaborarlos\/","url_meta":{"origin":190,"position":4},"title":"\u00bfQu\u00e9 son los planes de carrera y como elaborarlos?","author":"FORHUMAN","date":"7 de febrero de 2023","format":false,"excerpt":"Una de las cosas valiosas para un trabajador dentro de la empresa donde labora, es que la compa\u00f1\u00eda pueda fomentar su desarrollo profesional, brind\u00e1ndole nuevos retos y metas que hagan que el trabajador se sienta motivado y feliz de ser parte de la empresa. \u00a1En este blog aprender\u00e1s sobre los\u2026","rel":"","context":"En \u00abCapital Humano\u00bb","block_context":{"text":"Capital Humano","link":"https:\/\/forhuman.mx\/blog\/category\/capital-humano\/"},"img":{"alt_text":"","src":"https:\/\/i0.wp.com\/forhuman.mx\/blog\/wp-content\/uploads\/2023\/02\/Que-son-los-planes-de-carrera-y-como-elaborarlos.png?fit=1200%2C675&ssl=1&resize=350%2C200","width":350,"height":200,"srcset":"https:\/\/i0.wp.com\/forhuman.mx\/blog\/wp-content\/uploads\/2023\/02\/Que-son-los-planes-de-carrera-y-como-elaborarlos.png?fit=1200%2C675&ssl=1&resize=350%2C200 1x, https:\/\/i0.wp.com\/forhuman.mx\/blog\/wp-content\/uploads\/2023\/02\/Que-son-los-planes-de-carrera-y-como-elaborarlos.png?fit=1200%2C675&ssl=1&resize=525%2C300 1.5x, https:\/\/i0.wp.com\/forhuman.mx\/blog\/wp-content\/uploads\/2023\/02\/Que-son-los-planes-de-carrera-y-como-elaborarlos.png?fit=1200%2C675&ssl=1&resize=700%2C400 2x, https:\/\/i0.wp.com\/forhuman.mx\/blog\/wp-content\/uploads\/2023\/02\/Que-son-los-planes-de-carrera-y-como-elaborarlos.png?fit=1200%2C675&ssl=1&resize=1050%2C600 3x"},"classes":[]},{"id":273,"url":"https:\/\/forhuman.mx\/blog\/cuando-es-necesario-establecer-un-departamento-de-capital-humano\/","url_meta":{"origin":190,"position":5},"title":"\u00bfCu\u00e1ndo es necesario establecer un departamento de capital humano?","author":"FORHUMAN","date":"3 de febrero de 2023","format":false,"excerpt":"Durante el proceso de crecimiento de una empresa, es normal que se generen cuestiones alrededor del desarrollo de esta, sobre todo por las personas que la integran, es por eso, que el planteamiento de s\u00ed se debe o no y cu\u00e1ndo adquirir un departamento especializado en capital humano, y en\u2026","rel":"","context":"En \u00abCapital Humano\u00bb","block_context":{"text":"Capital Humano","link":"https:\/\/forhuman.mx\/blog\/category\/capital-humano\/"},"img":{"alt_text":"","src":"https:\/\/i0.wp.com\/forhuman.mx\/blog\/wp-content\/uploads\/2023\/02\/Cuando-debemos-incorporar-el-departamento-de-capital-humano.png?fit=780%2C410&ssl=1&resize=350%2C200","width":350,"height":200,"srcset":"https:\/\/i0.wp.com\/forhuman.mx\/blog\/wp-content\/uploads\/2023\/02\/Cuando-debemos-incorporar-el-departamento-de-capital-humano.png?fit=780%2C410&ssl=1&resize=350%2C200 1x, https:\/\/i0.wp.com\/forhuman.mx\/blog\/wp-content\/uploads\/2023\/02\/Cuando-debemos-incorporar-el-departamento-de-capital-humano.png?fit=780%2C410&ssl=1&resize=525%2C300 1.5x, https:\/\/i0.wp.com\/forhuman.mx\/blog\/wp-content\/uploads\/2023\/02\/Cuando-debemos-incorporar-el-departamento-de-capital-humano.png?fit=780%2C410&ssl=1&resize=700%2C400 2x"},"classes":[]}],"_links":{"self":[{"href":"https:\/\/forhuman.mx\/blog\/wp-json\/wp\/v2\/posts\/190","targetHints":{"allow":["GET"]}}],"collection":[{"href":"https:\/\/forhuman.mx\/blog\/wp-json\/wp\/v2\/posts"}],"about":[{"href":"https:\/\/forhuman.mx\/blog\/wp-json\/wp\/v2\/types\/post"}],"author":[{"embeddable":true,"href":"https:\/\/forhuman.mx\/blog\/wp-json\/wp\/v2\/users\/1"}],"replies":[{"embeddable":true,"href":"https:\/\/forhuman.mx\/blog\/wp-json\/wp\/v2\/comments?post=190"}],"version-history":[{"count":1,"href":"https:\/\/forhuman.mx\/blog\/wp-json\/wp\/v2\/posts\/190\/revisions"}],"predecessor-version":[{"id":533,"href":"https:\/\/forhuman.mx\/blog\/wp-json\/wp\/v2\/posts\/190\/revisions\/533"}],"wp:featuredmedia":[{"embeddable":true,"href":"https:\/\/forhuman.mx\/blog\/wp-json\/wp\/v2\/media\/191"}],"wp:attachment":[{"href":"https:\/\/forhuman.mx\/blog\/wp-json\/wp\/v2\/media?parent=190"}],"wp:term":[{"taxonomy":"category","embeddable":true,"href":"https:\/\/forhuman.mx\/blog\/wp-json\/wp\/v2\/categories?post=190"},{"taxonomy":"post_tag","embeddable":true,"href":"https:\/\/forhuman.mx\/blog\/wp-json\/wp\/v2\/tags?post=190"}],"curies":[{"name":"wp","href":"https:\/\/api.w.org\/{rel}","templated":true}]}}