{"id":204,"date":"2023-02-04T18:35:08","date_gmt":"2023-02-04T17:35:08","guid":{"rendered":"https:\/\/forhuman.mx\/blog\/?p=2372"},"modified":"2024-01-02T09:34:35","modified_gmt":"2024-01-02T15:34:35","slug":"que-relacion-existe-entre-un-empleado-y-un-empleador","status":"publish","type":"post","link":"https:\/\/forhuman.mx\/blog\/que-relacion-existe-entre-un-empleado-y-un-empleador\/","title":{"rendered":"<strong>\u00bfQu\u00e9 relaci\u00f3n existe entre un empleado y un empleador?<\/strong>"},"content":{"rendered":"\n<p>Cuando un nuevo empleado se incorpora a una empresa se genera una nueva relaci\u00f3n laboral. En esta din\u00e1mica se involucran aspectos tanto legales como interpersonales. Pero en realidad \u00bfQu\u00e9 relaci\u00f3n existe entre un empleado y empleador? En este blog te contamos al respecto.<\/p>\n\n\n\n<h2 class=\"wp-block-heading\"><strong>El inicio de una nueva relaci\u00f3n.<\/strong><\/h2>\n\n\n\n<p>Desde el primer contacto que se da entre el reclutador con su posible candidato ya se est\u00e1 construyendo una relaci\u00f3n que si termina en una contrataci\u00f3n puede seguir creciendo. Durante las entrevistas se genera una primera impresi\u00f3n de la cual depender\u00e1 m\u00e1s adelante la construcci\u00f3n de la relaci\u00f3n de empleador con sus candidatos.<\/p>\n\n\n\n<p>Una vez incorporado a la empresa esta relaci\u00f3n solo contin\u00faa solidific\u00e1ndose. Y el desenvolvimiento de estas relaciones son un aspecto primordial para la empresa pues impactar\u00e1n en la cultura organizacional de la empresa y en el \u00e9xito de la misma.<\/p>\n\n\n\n<p>Existen varios estudios que solventan que fuertes y amenas relaciones laborales tiene un impacto en la felicidad, productividad y estancia del empleado dentro de la empresa. Para lograr este beneficioso resultado es importante entender la relaci\u00f3n entre el empleador y su colaborador.<\/p>\n\n\n\n<h3 class=\"wp-block-heading\"><strong>Respeto<\/strong><\/h3>\n\n\n\n<p>Ante todo, como cualquier relaci\u00f3n, <strong>el respeto es un aspecto primordial<\/strong> que debe prevalecer en todo el tiempo que dure el empleado en la empresa. Depender\u00e1 de cada tipo de negocio la cercan\u00eda que este generara con cualquiera de sus empleados, pues, as\u00ed como hay empresas que prefieren mantener una convivencia meramente profesional, existen otras que generan v\u00ednculos m\u00e1s fuertes y profundos con sus colaboradores. Cualquiera que sea el caso, el respeto debe estar presente para una armon\u00eda dentro de la empresa.<\/p>\n\n\n\n<h3 class=\"wp-block-heading\"><strong>Comunicaci\u00f3n y confianza<\/strong><\/h3>\n\n\n\n<p>Tanto como el aspecto de la confianza como la comunicaci\u00f3n son <strong>elementos claves<\/strong> para una armoniosa convivencia dentro de la organizaci\u00f3n. Sobre todo desde la perspectiva horizontal pues si no existe la suficiente confianza y adecuada comunicaci\u00f3n de directivos con sus subordinados la din\u00e1mica laboral ser\u00e1 complicada y dif\u00edcil para lograr los objetivos y metas.<\/p>\n\n\n\n<h3 class=\"wp-block-heading\"><strong>L\u00edmites y reglas<\/strong><\/h3>\n\n\n\n<p>Ante todo, administrativamente dentro de la relaci\u00f3n entre empleado y empleador existe el factor de <strong>subordinaci\u00f3n<\/strong> el cual se\u00f1ala los l\u00edmites que deben ejecutarse para un \u00f3ptimo desempe\u00f1o, pues la subordinaci\u00f3n es simplemente la pauta que marca al trabajador sobre su horario y tareas que este realice, de forma que los l\u00edmites deben estar regidos bajo este factor, adem\u00e1s de que el uso y aplicaci\u00f3n de las reglas fomentaran espacios m\u00e1s sanos y con mejor productividad.<\/p>\n\n\n\n<p>En conclusi\u00f3n, las relaciones laborales son inevitables dentro del entorno laboral, por lo cual siempre trabajar en que estas se fomenten de la mejor manera posible ayudara tanto a la empresa como el trabajador. En Forhuman creemos que las relaciones sanas y en armon\u00eda pronostican siempre una mejor productividad y un id\u00f3neo entorno laboral, creando empresas con un continuo \u00e9xito y crecimiento.<strong>\u00a1S\u00edguenos en redes sociales!<\/strong><\/p>\n","protected":false},"excerpt":{"rendered":"<p>Cuando un nuevo empleado se incorpora a una empresa se genera una nueva relaci\u00f3n laboral. En esta din\u00e1mica se involucran aspectos tanto legales como interpersonales. Pero en realidad \u00bfQu\u00e9 relaci\u00f3n existe entre un empleado y empleador? En este blog te contamos al respecto. El inicio de una nueva relaci\u00f3n. Desde el primer contacto que se [&hellip;]<\/p>\n","protected":false},"author":1,"featured_media":205,"comment_status":"closed","ping_status":"open","sticky":false,"template":"","format":"standard","meta":{"_jetpack_memberships_contains_paid_content":false,"footnotes":""},"categories":[28],"tags":[105,106,11,29,104],"class_list":["post-204","post","type-post","status-publish","format-standard","has-post-thumbnail","hentry","category-juridico","tag-empleado","tag-empleador","tag-forhuman","tag-juridico","tag-relaciones-laborales"],"yoast_head":"<!-- This site is optimized with the Yoast SEO plugin v27.0 - https:\/\/yoast.com\/product\/yoast-seo-wordpress\/ -->\n<title>\u00bfQu\u00e9 relaci\u00f3n existe entre un empleado y un empleador?<\/title>\n<meta name=\"description\" content=\"Cuando un nuevo empleado se incorpora a una empresa se genera una nueva relaci\u00f3n laboral. Pero, \u00bfQu\u00e9 relaci\u00f3n existe entre un empleado y empleador?\" \/>\n<meta name=\"robots\" content=\"index, follow, max-snippet:-1, max-image-preview:large, max-video-preview:-1\" \/>\n<link rel=\"canonical\" href=\"https:\/\/forhuman.mx\/blog\/que-relacion-existe-entre-un-empleado-y-un-empleador\/\" \/>\n<meta property=\"og:locale\" content=\"es_ES\" \/>\n<meta property=\"og:type\" content=\"article\" \/>\n<meta property=\"og:title\" content=\"\u00bfQu\u00e9 relaci\u00f3n existe entre un empleado y un empleador?\" \/>\n<meta property=\"og:description\" content=\"Cuando un nuevo empleado se incorpora a una empresa se genera una nueva relaci\u00f3n laboral. Pero, \u00bfQu\u00e9 relaci\u00f3n existe entre un empleado y empleador?\" \/>\n<meta property=\"og:url\" content=\"https:\/\/forhuman.mx\/blog\/que-relacion-existe-entre-un-empleado-y-un-empleador\/\" \/>\n<meta property=\"og:site_name\" content=\"Forhuman Blog\" \/>\n<meta property=\"article:author\" content=\"facebook.com\/forhumanmx\" \/>\n<meta property=\"article:published_time\" content=\"2023-02-04T17:35:08+00:00\" \/>\n<meta property=\"article:modified_time\" content=\"2024-01-02T15:34:35+00:00\" \/>\n<meta property=\"og:image\" content=\"https:\/\/forhuman.mx\/blog\/wp-content\/uploads\/2023\/02\/que-relacion-existe-entre-un-empleado-y-empleador-1.png\" \/>\n\t<meta property=\"og:image:width\" content=\"318\" \/>\n\t<meta property=\"og:image:height\" content=\"182\" \/>\n\t<meta property=\"og:image:type\" content=\"image\/png\" \/>\n<meta name=\"author\" content=\"FORHUMAN\" \/>\n<meta name=\"twitter:card\" content=\"summary_large_image\" \/>\n<meta name=\"twitter:label1\" content=\"Escrito por\" \/>\n\t<meta name=\"twitter:data1\" content=\"FORHUMAN\" \/>\n\t<meta name=\"twitter:label2\" content=\"Tiempo de lectura\" \/>\n\t<meta name=\"twitter:data2\" content=\"3 minutos\" \/>\n<script type=\"application\/ld+json\" class=\"yoast-schema-graph\">{\"@context\":\"https:\/\/schema.org\",\"@graph\":[{\"@type\":\"Article\",\"@id\":\"https:\/\/forhuman.mx\/blog\/que-relacion-existe-entre-un-empleado-y-un-empleador\/#article\",\"isPartOf\":{\"@id\":\"https:\/\/forhuman.mx\/blog\/que-relacion-existe-entre-un-empleado-y-un-empleador\/\"},\"author\":{\"name\":\"FORHUMAN\",\"@id\":\"https:\/\/forhuman.mx\/blog\/#\/schema\/person\/851f2ffcb147a58cc67286c04fb6bda0\"},\"headline\":\"\u00bfQu\u00e9 relaci\u00f3n existe entre un empleado y un empleador?\",\"datePublished\":\"2023-02-04T17:35:08+00:00\",\"dateModified\":\"2024-01-02T15:34:35+00:00\",\"mainEntityOfPage\":{\"@id\":\"https:\/\/forhuman.mx\/blog\/que-relacion-existe-entre-un-empleado-y-un-empleador\/\"},\"wordCount\":521,\"publisher\":{\"@id\":\"https:\/\/forhuman.mx\/blog\/#organization\"},\"image\":{\"@id\":\"https:\/\/forhuman.mx\/blog\/que-relacion-existe-entre-un-empleado-y-un-empleador\/#primaryimage\"},\"thumbnailUrl\":\"https:\/\/i0.wp.com\/forhuman.mx\/blog\/wp-content\/uploads\/2023\/02\/que-relacion-existe-entre-un-empleado-y-empleador-1.png?fit=318%2C182&ssl=1\",\"keywords\":[\"Empleado\",\"Empleador\",\"Forhuman\",\"Jur\u00eddico\",\"Relaciones laborales\"],\"articleSection\":[\"Jur\u00eddico\"],\"inLanguage\":\"es\"},{\"@type\":\"WebPage\",\"@id\":\"https:\/\/forhuman.mx\/blog\/que-relacion-existe-entre-un-empleado-y-un-empleador\/\",\"url\":\"https:\/\/forhuman.mx\/blog\/que-relacion-existe-entre-un-empleado-y-un-empleador\/\",\"name\":\"\u00bfQu\u00e9 relaci\u00f3n existe entre un empleado y un empleador?\",\"isPartOf\":{\"@id\":\"https:\/\/forhuman.mx\/blog\/#website\"},\"primaryImageOfPage\":{\"@id\":\"https:\/\/forhuman.mx\/blog\/que-relacion-existe-entre-un-empleado-y-un-empleador\/#primaryimage\"},\"image\":{\"@id\":\"https:\/\/forhuman.mx\/blog\/que-relacion-existe-entre-un-empleado-y-un-empleador\/#primaryimage\"},\"thumbnailUrl\":\"https:\/\/i0.wp.com\/forhuman.mx\/blog\/wp-content\/uploads\/2023\/02\/que-relacion-existe-entre-un-empleado-y-empleador-1.png?fit=318%2C182&ssl=1\",\"datePublished\":\"2023-02-04T17:35:08+00:00\",\"dateModified\":\"2024-01-02T15:34:35+00:00\",\"description\":\"Cuando un nuevo empleado se incorpora a una empresa se genera una nueva relaci\u00f3n laboral. Pero, \u00bfQu\u00e9 relaci\u00f3n existe entre un empleado y empleador?\",\"breadcrumb\":{\"@id\":\"https:\/\/forhuman.mx\/blog\/que-relacion-existe-entre-un-empleado-y-un-empleador\/#breadcrumb\"},\"inLanguage\":\"es\",\"potentialAction\":[{\"@type\":\"ReadAction\",\"target\":[\"https:\/\/forhuman.mx\/blog\/que-relacion-existe-entre-un-empleado-y-un-empleador\/\"]}]},{\"@type\":\"ImageObject\",\"inLanguage\":\"es\",\"@id\":\"https:\/\/forhuman.mx\/blog\/que-relacion-existe-entre-un-empleado-y-un-empleador\/#primaryimage\",\"url\":\"https:\/\/i0.wp.com\/forhuman.mx\/blog\/wp-content\/uploads\/2023\/02\/que-relacion-existe-entre-un-empleado-y-empleador-1.png?fit=318%2C182&ssl=1\",\"contentUrl\":\"https:\/\/i0.wp.com\/forhuman.mx\/blog\/wp-content\/uploads\/2023\/02\/que-relacion-existe-entre-un-empleado-y-empleador-1.png?fit=318%2C182&ssl=1\",\"width\":318,\"height\":182},{\"@type\":\"BreadcrumbList\",\"@id\":\"https:\/\/forhuman.mx\/blog\/que-relacion-existe-entre-un-empleado-y-un-empleador\/#breadcrumb\",\"itemListElement\":[{\"@type\":\"ListItem\",\"position\":1,\"name\":\"Portada\",\"item\":\"https:\/\/forhuman.mx\/blog\/\"},{\"@type\":\"ListItem\",\"position\":2,\"name\":\"\u00bfQu\u00e9 relaci\u00f3n existe entre un empleado y un empleador?\"}]},{\"@type\":\"WebSite\",\"@id\":\"https:\/\/forhuman.mx\/blog\/#website\",\"url\":\"https:\/\/forhuman.mx\/blog\/\",\"name\":\"Forhuman Blog\",\"description\":\"Reclutamos y seleccionamos talento para las empresas, contribuyendo a su humanizaci\u00f3n mediante nuestros servicios especializados, de estructura y defensa legal laboral.\",\"publisher\":{\"@id\":\"https:\/\/forhuman.mx\/blog\/#organization\"},\"potentialAction\":[{\"@type\":\"SearchAction\",\"target\":{\"@type\":\"EntryPoint\",\"urlTemplate\":\"https:\/\/forhuman.mx\/blog\/?s={search_term_string}\"},\"query-input\":{\"@type\":\"PropertyValueSpecification\",\"valueRequired\":true,\"valueName\":\"search_term_string\"}}],\"inLanguage\":\"es\"},{\"@type\":\"Organization\",\"@id\":\"https:\/\/forhuman.mx\/blog\/#organization\",\"name\":\"Forhuman Blog\",\"url\":\"https:\/\/forhuman.mx\/blog\/\",\"logo\":{\"@type\":\"ImageObject\",\"inLanguage\":\"es\",\"@id\":\"https:\/\/forhuman.mx\/blog\/#\/schema\/logo\/image\/\",\"url\":\"https:\/\/i0.wp.com\/forhuman.mx\/blog\/wp-content\/uploads\/2023\/08\/logo.png?fit=571%2C110&ssl=1\",\"contentUrl\":\"https:\/\/i0.wp.com\/forhuman.mx\/blog\/wp-content\/uploads\/2023\/08\/logo.png?fit=571%2C110&ssl=1\",\"width\":571,\"height\":110,\"caption\":\"Forhuman Blog\"},\"image\":{\"@id\":\"https:\/\/forhuman.mx\/blog\/#\/schema\/logo\/image\/\"}},{\"@type\":\"Person\",\"@id\":\"https:\/\/forhuman.mx\/blog\/#\/schema\/person\/851f2ffcb147a58cc67286c04fb6bda0\",\"name\":\"FORHUMAN\",\"image\":{\"@type\":\"ImageObject\",\"inLanguage\":\"es\",\"@id\":\"https:\/\/forhuman.mx\/blog\/#\/schema\/person\/image\/\",\"url\":\"https:\/\/i0.wp.com\/forhuman.mx\/blog\/wp-content\/uploads\/2023\/08\/logo-cuadrado-fondo-negro.png?fit=96%2C87&#038;ssl=1\",\"contentUrl\":\"https:\/\/i0.wp.com\/forhuman.mx\/blog\/wp-content\/uploads\/2023\/08\/logo-cuadrado-fondo-negro.png?fit=96%2C87&#038;ssl=1\",\"caption\":\"FORHUMAN\"},\"description\":\"Reclutamos y seleccionamos talento para las empresas, contribuyendo a su humanizaci\u00f3n mediante nuestros servicios especializados, de estructura y defensa legal laboral.\",\"sameAs\":[\"https:\/\/forhuman.mx\",\"facebook.com\/forhumanmx\",\"instagram.com\/forhumanmx\/\",\"linkedin.com\/company\/forhuman\/\",\"https:\/\/youtube.com\/channel\/UCJwyZnzZ9PNvOhl4siylFGQ\"],\"url\":\"https:\/\/forhuman.mx\/blog\/author\/forhumanmkt\/\"}]}<\/script>\n<!-- \/ Yoast SEO plugin. -->","yoast_head_json":{"title":"\u00bfQu\u00e9 relaci\u00f3n existe entre un empleado y un empleador?","description":"Cuando un nuevo empleado se incorpora a una empresa se genera una nueva relaci\u00f3n laboral. Pero, \u00bfQu\u00e9 relaci\u00f3n existe entre un empleado y empleador?","robots":{"index":"index","follow":"follow","max-snippet":"max-snippet:-1","max-image-preview":"max-image-preview:large","max-video-preview":"max-video-preview:-1"},"canonical":"https:\/\/forhuman.mx\/blog\/que-relacion-existe-entre-un-empleado-y-un-empleador\/","og_locale":"es_ES","og_type":"article","og_title":"\u00bfQu\u00e9 relaci\u00f3n existe entre un empleado y un empleador?","og_description":"Cuando un nuevo empleado se incorpora a una empresa se genera una nueva relaci\u00f3n laboral. Pero, \u00bfQu\u00e9 relaci\u00f3n existe entre un empleado y empleador?","og_url":"https:\/\/forhuman.mx\/blog\/que-relacion-existe-entre-un-empleado-y-un-empleador\/","og_site_name":"Forhuman Blog","article_author":"facebook.com\/forhumanmx","article_published_time":"2023-02-04T17:35:08+00:00","article_modified_time":"2024-01-02T15:34:35+00:00","og_image":[{"width":318,"height":182,"url":"https:\/\/forhuman.mx\/blog\/wp-content\/uploads\/2023\/02\/que-relacion-existe-entre-un-empleado-y-empleador-1.png","type":"image\/png"}],"author":"FORHUMAN","twitter_card":"summary_large_image","twitter_misc":{"Escrito por":"FORHUMAN","Tiempo de lectura":"3 minutos"},"schema":{"@context":"https:\/\/schema.org","@graph":[{"@type":"Article","@id":"https:\/\/forhuman.mx\/blog\/que-relacion-existe-entre-un-empleado-y-un-empleador\/#article","isPartOf":{"@id":"https:\/\/forhuman.mx\/blog\/que-relacion-existe-entre-un-empleado-y-un-empleador\/"},"author":{"name":"FORHUMAN","@id":"https:\/\/forhuman.mx\/blog\/#\/schema\/person\/851f2ffcb147a58cc67286c04fb6bda0"},"headline":"\u00bfQu\u00e9 relaci\u00f3n existe entre un empleado y un empleador?","datePublished":"2023-02-04T17:35:08+00:00","dateModified":"2024-01-02T15:34:35+00:00","mainEntityOfPage":{"@id":"https:\/\/forhuman.mx\/blog\/que-relacion-existe-entre-un-empleado-y-un-empleador\/"},"wordCount":521,"publisher":{"@id":"https:\/\/forhuman.mx\/blog\/#organization"},"image":{"@id":"https:\/\/forhuman.mx\/blog\/que-relacion-existe-entre-un-empleado-y-un-empleador\/#primaryimage"},"thumbnailUrl":"https:\/\/i0.wp.com\/forhuman.mx\/blog\/wp-content\/uploads\/2023\/02\/que-relacion-existe-entre-un-empleado-y-empleador-1.png?fit=318%2C182&ssl=1","keywords":["Empleado","Empleador","Forhuman","Jur\u00eddico","Relaciones laborales"],"articleSection":["Jur\u00eddico"],"inLanguage":"es"},{"@type":"WebPage","@id":"https:\/\/forhuman.mx\/blog\/que-relacion-existe-entre-un-empleado-y-un-empleador\/","url":"https:\/\/forhuman.mx\/blog\/que-relacion-existe-entre-un-empleado-y-un-empleador\/","name":"\u00bfQu\u00e9 relaci\u00f3n existe entre un empleado y un empleador?","isPartOf":{"@id":"https:\/\/forhuman.mx\/blog\/#website"},"primaryImageOfPage":{"@id":"https:\/\/forhuman.mx\/blog\/que-relacion-existe-entre-un-empleado-y-un-empleador\/#primaryimage"},"image":{"@id":"https:\/\/forhuman.mx\/blog\/que-relacion-existe-entre-un-empleado-y-un-empleador\/#primaryimage"},"thumbnailUrl":"https:\/\/i0.wp.com\/forhuman.mx\/blog\/wp-content\/uploads\/2023\/02\/que-relacion-existe-entre-un-empleado-y-empleador-1.png?fit=318%2C182&ssl=1","datePublished":"2023-02-04T17:35:08+00:00","dateModified":"2024-01-02T15:34:35+00:00","description":"Cuando un nuevo empleado se incorpora a una empresa se genera una nueva relaci\u00f3n laboral. Pero, \u00bfQu\u00e9 relaci\u00f3n existe entre un empleado y empleador?","breadcrumb":{"@id":"https:\/\/forhuman.mx\/blog\/que-relacion-existe-entre-un-empleado-y-un-empleador\/#breadcrumb"},"inLanguage":"es","potentialAction":[{"@type":"ReadAction","target":["https:\/\/forhuman.mx\/blog\/que-relacion-existe-entre-un-empleado-y-un-empleador\/"]}]},{"@type":"ImageObject","inLanguage":"es","@id":"https:\/\/forhuman.mx\/blog\/que-relacion-existe-entre-un-empleado-y-un-empleador\/#primaryimage","url":"https:\/\/i0.wp.com\/forhuman.mx\/blog\/wp-content\/uploads\/2023\/02\/que-relacion-existe-entre-un-empleado-y-empleador-1.png?fit=318%2C182&ssl=1","contentUrl":"https:\/\/i0.wp.com\/forhuman.mx\/blog\/wp-content\/uploads\/2023\/02\/que-relacion-existe-entre-un-empleado-y-empleador-1.png?fit=318%2C182&ssl=1","width":318,"height":182},{"@type":"BreadcrumbList","@id":"https:\/\/forhuman.mx\/blog\/que-relacion-existe-entre-un-empleado-y-un-empleador\/#breadcrumb","itemListElement":[{"@type":"ListItem","position":1,"name":"Portada","item":"https:\/\/forhuman.mx\/blog\/"},{"@type":"ListItem","position":2,"name":"\u00bfQu\u00e9 relaci\u00f3n existe entre un empleado y un empleador?"}]},{"@type":"WebSite","@id":"https:\/\/forhuman.mx\/blog\/#website","url":"https:\/\/forhuman.mx\/blog\/","name":"Forhuman Blog","description":"Reclutamos y seleccionamos talento para las empresas, contribuyendo a su humanizaci\u00f3n mediante nuestros servicios especializados, de estructura y defensa legal laboral.","publisher":{"@id":"https:\/\/forhuman.mx\/blog\/#organization"},"potentialAction":[{"@type":"SearchAction","target":{"@type":"EntryPoint","urlTemplate":"https:\/\/forhuman.mx\/blog\/?s={search_term_string}"},"query-input":{"@type":"PropertyValueSpecification","valueRequired":true,"valueName":"search_term_string"}}],"inLanguage":"es"},{"@type":"Organization","@id":"https:\/\/forhuman.mx\/blog\/#organization","name":"Forhuman Blog","url":"https:\/\/forhuman.mx\/blog\/","logo":{"@type":"ImageObject","inLanguage":"es","@id":"https:\/\/forhuman.mx\/blog\/#\/schema\/logo\/image\/","url":"https:\/\/i0.wp.com\/forhuman.mx\/blog\/wp-content\/uploads\/2023\/08\/logo.png?fit=571%2C110&ssl=1","contentUrl":"https:\/\/i0.wp.com\/forhuman.mx\/blog\/wp-content\/uploads\/2023\/08\/logo.png?fit=571%2C110&ssl=1","width":571,"height":110,"caption":"Forhuman Blog"},"image":{"@id":"https:\/\/forhuman.mx\/blog\/#\/schema\/logo\/image\/"}},{"@type":"Person","@id":"https:\/\/forhuman.mx\/blog\/#\/schema\/person\/851f2ffcb147a58cc67286c04fb6bda0","name":"FORHUMAN","image":{"@type":"ImageObject","inLanguage":"es","@id":"https:\/\/forhuman.mx\/blog\/#\/schema\/person\/image\/","url":"https:\/\/i0.wp.com\/forhuman.mx\/blog\/wp-content\/uploads\/2023\/08\/logo-cuadrado-fondo-negro.png?fit=96%2C87&#038;ssl=1","contentUrl":"https:\/\/i0.wp.com\/forhuman.mx\/blog\/wp-content\/uploads\/2023\/08\/logo-cuadrado-fondo-negro.png?fit=96%2C87&#038;ssl=1","caption":"FORHUMAN"},"description":"Reclutamos y seleccionamos talento para las empresas, contribuyendo a su humanizaci\u00f3n mediante nuestros servicios especializados, de estructura y defensa legal laboral.","sameAs":["https:\/\/forhuman.mx","facebook.com\/forhumanmx","instagram.com\/forhumanmx\/","linkedin.com\/company\/forhuman\/","https:\/\/youtube.com\/channel\/UCJwyZnzZ9PNvOhl4siylFGQ"],"url":"https:\/\/forhuman.mx\/blog\/author\/forhumanmkt\/"}]}},"jetpack_featured_media_url":"https:\/\/i0.wp.com\/forhuman.mx\/blog\/wp-content\/uploads\/2023\/02\/que-relacion-existe-entre-un-empleado-y-empleador-1.png?fit=318%2C182&ssl=1","jetpack_sharing_enabled":true,"jetpack-related-posts":[{"id":200,"url":"https:\/\/forhuman.mx\/blog\/la-empresa-y-el-empleado-pueden-ser-un-equipo\/","url_meta":{"origin":204,"position":0},"title":"La empresa y el empleado: \u00bfPueden ser un equipo?","author":"FORHUMAN","date":"4 de febrero de 2023","format":false,"excerpt":"Muchos mitos y creencias han surgido alrededor de las relaciones laborales, sobre todo las que se dan entre los empleados directamente con los directivos, por lo cual surge la duda si realmente La empresa y el empleado: \u00bfPueden ser un equipo? En este blog contestaremos esta duda, sigue leyendo para\u2026","rel":"","context":"En \u00abJur\u00eddico\u00bb","block_context":{"text":"Jur\u00eddico","link":"https:\/\/forhuman.mx\/blog\/category\/juridico\/"},"img":{"alt_text":"","src":"","width":0,"height":0},"classes":[]},{"id":807,"url":"https:\/\/forhuman.mx\/blog\/que-es-la-normativa-laboral-y-quien-la-regula-en-mexico\/","url_meta":{"origin":204,"position":1},"title":"\u00bfQu\u00e9 es la normativa laboral y qui\u00e9n la regula en M\u00e9xico?","author":"FORHUMAN","date":"28 de septiembre de 2024","format":false,"excerpt":"La normativa laboral es el conjunto de leyes y regulaciones que rigen las relaciones laborales entre empleadores y empleados. Estas normativas son fundamentales para asegurar condiciones de trabajo justas y proteger los derechos de ambas partes. En este blog, explicaremos qu\u00e9 es la normativa, su importancia, qui\u00e9n la regula y\u2026","rel":"","context":"En \u00abJur\u00eddico\u00bb","block_context":{"text":"Jur\u00eddico","link":"https:\/\/forhuman.mx\/blog\/category\/juridico\/"},"img":{"alt_text":"normativa-laboral-portada","src":"https:\/\/i0.wp.com\/forhuman.mx\/blog\/wp-content\/uploads\/2024\/10\/Blog-1.0-SEPTIEMBRE-2024-PORTADA.jpg?fit=1200%2C675&ssl=1&resize=350%2C200","width":350,"height":200,"srcset":"https:\/\/i0.wp.com\/forhuman.mx\/blog\/wp-content\/uploads\/2024\/10\/Blog-1.0-SEPTIEMBRE-2024-PORTADA.jpg?fit=1200%2C675&ssl=1&resize=350%2C200 1x, https:\/\/i0.wp.com\/forhuman.mx\/blog\/wp-content\/uploads\/2024\/10\/Blog-1.0-SEPTIEMBRE-2024-PORTADA.jpg?fit=1200%2C675&ssl=1&resize=525%2C300 1.5x, https:\/\/i0.wp.com\/forhuman.mx\/blog\/wp-content\/uploads\/2024\/10\/Blog-1.0-SEPTIEMBRE-2024-PORTADA.jpg?fit=1200%2C675&ssl=1&resize=700%2C400 2x, https:\/\/i0.wp.com\/forhuman.mx\/blog\/wp-content\/uploads\/2024\/10\/Blog-1.0-SEPTIEMBRE-2024-PORTADA.jpg?fit=1200%2C675&ssl=1&resize=1050%2C600 3x"},"classes":[]},{"id":99,"url":"https:\/\/forhuman.mx\/blog\/como-funciona-la-fianza-de-fidelidad\/","url_meta":{"origin":204,"position":2},"title":"\u00bfC\u00f3mo funciona la fianza de fidelidad?","author":"FORHUMAN","date":"27 de marzo de 2023","format":false,"excerpt":"La fianza de fidelidad es un tipo de p\u00f3liza que se utiliza en el \u00e1mbito laboral para proteger a las empresas de posibles p\u00e9rdidas financieras causadas por la mala conducta de sus empleados. En este blog, exploraremos en detalle qu\u00e9 es la fianza de fidelidad, c\u00f3mo funciona y por qu\u00e9\u2026","rel":"","context":"En \u00abJur\u00eddico\u00bb","block_context":{"text":"Jur\u00eddico","link":"https:\/\/forhuman.mx\/blog\/category\/juridico\/"},"img":{"alt_text":"","src":"https:\/\/i0.wp.com\/forhuman.mx\/blog\/wp-content\/uploads\/2023\/03\/%C2%BFComo-funciona-la-fianza-de-fidelidad.png?fit=1200%2C675&ssl=1&resize=350%2C200","width":350,"height":200,"srcset":"https:\/\/i0.wp.com\/forhuman.mx\/blog\/wp-content\/uploads\/2023\/03\/%C2%BFComo-funciona-la-fianza-de-fidelidad.png?fit=1200%2C675&ssl=1&resize=350%2C200 1x, https:\/\/i0.wp.com\/forhuman.mx\/blog\/wp-content\/uploads\/2023\/03\/%C2%BFComo-funciona-la-fianza-de-fidelidad.png?fit=1200%2C675&ssl=1&resize=525%2C300 1.5x, https:\/\/i0.wp.com\/forhuman.mx\/blog\/wp-content\/uploads\/2023\/03\/%C2%BFComo-funciona-la-fianza-de-fidelidad.png?fit=1200%2C675&ssl=1&resize=700%2C400 2x, https:\/\/i0.wp.com\/forhuman.mx\/blog\/wp-content\/uploads\/2023\/03\/%C2%BFComo-funciona-la-fianza-de-fidelidad.png?fit=1200%2C675&ssl=1&resize=1050%2C600 3x"},"classes":[]},{"id":968,"url":"https:\/\/forhuman.mx\/blog\/recibo-de-nomina-importancia-y-caracteristicas\/","url_meta":{"origin":204,"position":3},"title":"Recibo de n\u00f3mina: Importancia y caracter\u00edsticas","author":"FORHUMAN","date":"22 de enero de 2025","format":false,"excerpt":"Cuando hablamos del d\u00eda a d\u00eda en el trabajo, el recibo de n\u00f3mina es mucho m\u00e1s que un documento administrativo; es el puente que conecta la confianza, la transparencia y el cumplimiento de derechos entre empleadores y colaboradores.\u00a0 Aunque a simple vista puede parecer una formalidad m\u00e1s, su papel es\u2026","rel":"","context":"En \u00abContabilidad\u00bb","block_context":{"text":"Contabilidad","link":"https:\/\/forhuman.mx\/blog\/category\/contabilidad\/"},"img":{"alt_text":"Recibo-de-n\u00f3mina-Importancia-y-caracter\u00edsticas","src":"https:\/\/i0.wp.com\/forhuman.mx\/blog\/wp-content\/uploads\/2025\/01\/Blog-2.1-PORTADA-scaled.jpg?fit=1200%2C675&ssl=1&resize=350%2C200","width":350,"height":200,"srcset":"https:\/\/i0.wp.com\/forhuman.mx\/blog\/wp-content\/uploads\/2025\/01\/Blog-2.1-PORTADA-scaled.jpg?fit=1200%2C675&ssl=1&resize=350%2C200 1x, https:\/\/i0.wp.com\/forhuman.mx\/blog\/wp-content\/uploads\/2025\/01\/Blog-2.1-PORTADA-scaled.jpg?fit=1200%2C675&ssl=1&resize=525%2C300 1.5x, https:\/\/i0.wp.com\/forhuman.mx\/blog\/wp-content\/uploads\/2025\/01\/Blog-2.1-PORTADA-scaled.jpg?fit=1200%2C675&ssl=1&resize=700%2C400 2x, https:\/\/i0.wp.com\/forhuman.mx\/blog\/wp-content\/uploads\/2025\/01\/Blog-2.1-PORTADA-scaled.jpg?fit=1200%2C675&ssl=1&resize=1050%2C600 3x"},"classes":[]},{"id":906,"url":"https:\/\/forhuman.mx\/blog\/el-buro-laboral-y-lo-que-toda-empresa-necesita-saber\/","url_meta":{"origin":204,"position":4},"title":"El bur\u00f3 laboral y lo que toda empresa necesita saber","author":"FORHUMAN","date":"22 de noviembre de 2024","format":false,"excerpt":"Hoy en d\u00eda, la selecci\u00f3n de candidatos es un proceso cada vez m\u00e1s complejo y estrat\u00e9gico para las empresas.\u00a0\u00a0 En la b\u00fasqueda de talento, algunos empleadores consideran el uso del bur\u00f3 laboral como una herramienta de apoyo.\u00a0\u00a0 Sin embargo, es importante conocer qu\u00e9 implica el bur\u00f3 laboral, si su uso\u2026","rel":"","context":"En \u00abJur\u00eddico\u00bb","block_context":{"text":"Jur\u00eddico","link":"https:\/\/forhuman.mx\/blog\/category\/juridico\/"},"img":{"alt_text":"","src":"https:\/\/i0.wp.com\/forhuman.mx\/blog\/wp-content\/uploads\/2024\/11\/Buro-laboral.png?fit=1200%2C675&ssl=1&resize=350%2C200","width":350,"height":200,"srcset":"https:\/\/i0.wp.com\/forhuman.mx\/blog\/wp-content\/uploads\/2024\/11\/Buro-laboral.png?fit=1200%2C675&ssl=1&resize=350%2C200 1x, https:\/\/i0.wp.com\/forhuman.mx\/blog\/wp-content\/uploads\/2024\/11\/Buro-laboral.png?fit=1200%2C675&ssl=1&resize=525%2C300 1.5x, https:\/\/i0.wp.com\/forhuman.mx\/blog\/wp-content\/uploads\/2024\/11\/Buro-laboral.png?fit=1200%2C675&ssl=1&resize=700%2C400 2x, https:\/\/i0.wp.com\/forhuman.mx\/blog\/wp-content\/uploads\/2024\/11\/Buro-laboral.png?fit=1200%2C675&ssl=1&resize=1050%2C600 3x"},"classes":[]},{"id":237,"url":"https:\/\/forhuman.mx\/blog\/cual-es-el-proceso-de-un-juicio-laboral\/","url_meta":{"origin":204,"position":5},"title":"\u00bfCu\u00e1l es el proceso de un juicio laboral?","author":"FORHUMAN","date":"3 de febrero de 2023","format":false,"excerpt":"Los juicios labores implican una gran p\u00e9rdida en aspecto econ\u00f3mico para las empresas si estas no cuentan con un departamento legal encargado, pero, \u00bfQu\u00e9 implica realmente el proceso de un juicio laboral? Te contamos m\u00e1s sobre ello en el siguiente blog: Como empieza un juicio laboral Un juicio laboral comienza\u2026","rel":"","context":"En \u00abJur\u00eddico\u00bb","block_context":{"text":"Jur\u00eddico","link":"https:\/\/forhuman.mx\/blog\/category\/juridico\/"},"img":{"alt_text":"","src":"https:\/\/i0.wp.com\/forhuman.mx\/blog\/wp-content\/uploads\/2023\/02\/%C2%BFCual-es-el-proceso-de-un-juicio-laboral.png?fit=780%2C410&ssl=1&resize=350%2C200","width":350,"height":200,"srcset":"https:\/\/i0.wp.com\/forhuman.mx\/blog\/wp-content\/uploads\/2023\/02\/%C2%BFCual-es-el-proceso-de-un-juicio-laboral.png?fit=780%2C410&ssl=1&resize=350%2C200 1x, https:\/\/i0.wp.com\/forhuman.mx\/blog\/wp-content\/uploads\/2023\/02\/%C2%BFCual-es-el-proceso-de-un-juicio-laboral.png?fit=780%2C410&ssl=1&resize=525%2C300 1.5x, https:\/\/i0.wp.com\/forhuman.mx\/blog\/wp-content\/uploads\/2023\/02\/%C2%BFCual-es-el-proceso-de-un-juicio-laboral.png?fit=780%2C410&ssl=1&resize=700%2C400 2x"},"classes":[]}],"_links":{"self":[{"href":"https:\/\/forhuman.mx\/blog\/wp-json\/wp\/v2\/posts\/204","targetHints":{"allow":["GET"]}}],"collection":[{"href":"https:\/\/forhuman.mx\/blog\/wp-json\/wp\/v2\/posts"}],"about":[{"href":"https:\/\/forhuman.mx\/blog\/wp-json\/wp\/v2\/types\/post"}],"author":[{"embeddable":true,"href":"https:\/\/forhuman.mx\/blog\/wp-json\/wp\/v2\/users\/1"}],"replies":[{"embeddable":true,"href":"https:\/\/forhuman.mx\/blog\/wp-json\/wp\/v2\/comments?post=204"}],"version-history":[{"count":1,"href":"https:\/\/forhuman.mx\/blog\/wp-json\/wp\/v2\/posts\/204\/revisions"}],"predecessor-version":[{"id":537,"href":"https:\/\/forhuman.mx\/blog\/wp-json\/wp\/v2\/posts\/204\/revisions\/537"}],"wp:featuredmedia":[{"embeddable":true,"href":"https:\/\/forhuman.mx\/blog\/wp-json\/wp\/v2\/media\/205"}],"wp:attachment":[{"href":"https:\/\/forhuman.mx\/blog\/wp-json\/wp\/v2\/media?parent=204"}],"wp:term":[{"taxonomy":"category","embeddable":true,"href":"https:\/\/forhuman.mx\/blog\/wp-json\/wp\/v2\/categories?post=204"},{"taxonomy":"post_tag","embeddable":true,"href":"https:\/\/forhuman.mx\/blog\/wp-json\/wp\/v2\/tags?post=204"}],"curies":[{"name":"wp","href":"https:\/\/api.w.org\/{rel}","templated":true}]}}