{"id":251,"date":"2023-02-03T17:50:41","date_gmt":"2023-02-03T16:50:41","guid":{"rendered":"https:\/\/forhuman.mx\/blog\/?p=2321"},"modified":"2024-01-02T09:34:49","modified_gmt":"2024-01-02T15:34:49","slug":"causas-de-estres-en-el-trabajo","status":"publish","type":"post","link":"https:\/\/forhuman.mx\/blog\/causas-de-estres-en-el-trabajo\/","title":{"rendered":"<strong>Causas de estr\u00e9s en el trabajo<\/strong>"},"content":{"rendered":"\n<p>Existen diferentes causas y motivos que pueden generar estr\u00e9s en el trabajo, causando un bajo rendimiento laboral. Detectarlas y encontrar formas de disminuirlas o erradicarlas es fundamental para generar una optimizaci\u00f3n dentro del equipo de colaboradores, en este blog hablaremos de las principales causas de estr\u00e9s para detectarlas.<\/p>\n\n\n\n<h2 class=\"wp-block-heading\"><strong>La imposibilidad de desconectarte del trabajo<\/strong><\/h2>\n\n\n\n<p>Esta causa es una de la m\u00e1s comunes en el incremento de estr\u00e9s laboral, pues al no poder desconectarte completamente del trabajo no existe un descanso real que permita despejar la mente del estado activo que implica.<\/p>\n\n\n\n<p>Durante esta pandemia esta situaci\u00f3n se increment\u00f3 debido a que pasamos de un ambiente de oficinas a laborar desde casa dificultando a\u00fan m\u00e1s el desapego del trabajo, pues no hay l\u00edmites que permitan un desconecte mas simple del trabajo al hogar.&nbsp;<\/p>\n\n\n\n<h2 class=\"wp-block-heading\"><strong>Inseguridad en el puesto<\/strong><\/h2>\n\n\n\n<p>El no tener una estabilidad laboral es sin duda un factor de estr\u00e9s en el trabajo, pues estar en un estado de incertidumbre sobre su estancia en la empresa y sus funciones de ella genera un menor rendimiento. La empresa debe brindarle a su laborador las herramientas y sus funciones espec\u00edficas para evitar confusi\u00f3n y estr\u00e9s sobre este tema.<\/p>\n\n\n\n<h2 class=\"wp-block-heading\"><strong>Falta de desarrollo de carrera<\/strong><\/h2>\n\n\n\n<p>Otra causa m\u00e1s aunada hacia la generaci\u00f3n de estr\u00e9s laboral es la ausencia de un crecimiento personal de cada empleado, pues el otorgarle un espacio de crecimiento permite un desarrollo constante al laborador, gener\u00e1ndole una confianza y estabilidad dentro de la empresa.<\/p>\n\n\n\n<h2 class=\"wp-block-heading\"><strong>Poco apoyo de los colaboradores&nbsp;<\/strong><\/h2>\n\n\n\n<p>En m\u00e1s de una organizaci\u00f3n el apoyo y trabajo en equipo son indispensables para un \u00f3ptimo desarrollo, por lo que cuando una persona o \u00e1rea no genera este apoyo \u00f3ptimo al equipo es donde puede surgir el estr\u00e9s. En muchas ocasiones, esta situaci\u00f3n ocurre con superiores que no generan una buena comunicaci\u00f3n y relaci\u00f3n con sus empleados.<\/p>\n\n\n\n<p>Detectar estas situaciones puede prevenir m\u00e1s de un problema dentro de tu organizaci\u00f3n y mejorar el rendimiento y desarrollo de cada colaborador, para evitar la generaci\u00f3n de estr\u00e9s y mantener un ambiente laboral \u00f3ptimo.<\/p>\n\n\n\n<p>Si te interesa conocer m\u00e1s sobre Forhuman y c\u00f3mo gestionar el capital humano de tu empresa, visita nuestras redes sociales.<\/p>\n","protected":false},"excerpt":{"rendered":"<p>Existen diferentes causas y motivos que pueden generar estr\u00e9s en el trabajo, causando un bajo rendimiento laboral. Detectarlas y encontrar formas de disminuirlas o erradicarlas es fundamental para generar una optimizaci\u00f3n dentro del equipo de colaboradores, en este blog hablaremos de las principales causas de estr\u00e9s para detectarlas. La imposibilidad de desconectarte del trabajo Esta [&hellip;]<\/p>\n","protected":false},"author":1,"featured_media":252,"comment_status":"closed","ping_status":"open","sticky":false,"template":"","format":"standard","meta":{"_jetpack_memberships_contains_paid_content":false,"footnotes":""},"categories":[3],"tags":[4,17,11,15],"class_list":["post-251","post","type-post","status-publish","format-standard","has-post-thumbnail","hentry","category-capital-humano","tag-capital-humano","tag-estres","tag-forhuman","tag-salud-mental"],"yoast_head":"<!-- This site is optimized with the Yoast SEO plugin v27.0 - https:\/\/yoast.com\/product\/yoast-seo-wordpress\/ -->\n<title>Causas de estr\u00e9s en el trabajo - Forhuman Blog<\/title>\n<meta name=\"description\" content=\"Existen diferentes causa que pueden generar estr\u00e9s en el trabajo. Descubre las principales causas de estr\u00e9s para detectarlas.\" \/>\n<meta name=\"robots\" content=\"index, follow, max-snippet:-1, max-image-preview:large, max-video-preview:-1\" \/>\n<link rel=\"canonical\" href=\"https:\/\/forhuman.mx\/blog\/causas-de-estres-en-el-trabajo\/\" \/>\n<meta property=\"og:locale\" content=\"es_ES\" \/>\n<meta property=\"og:type\" content=\"article\" \/>\n<meta property=\"og:title\" content=\"Causas de estr\u00e9s en el trabajo - Forhuman Blog\" \/>\n<meta property=\"og:description\" content=\"Existen diferentes causa que pueden generar estr\u00e9s en el trabajo. Descubre las principales causas de estr\u00e9s para detectarlas.\" \/>\n<meta property=\"og:url\" content=\"https:\/\/forhuman.mx\/blog\/causas-de-estres-en-el-trabajo\/\" \/>\n<meta property=\"og:site_name\" content=\"Forhuman Blog\" \/>\n<meta property=\"article:author\" content=\"facebook.com\/forhumanmx\" \/>\n<meta property=\"article:published_time\" content=\"2023-02-03T16:50:41+00:00\" \/>\n<meta property=\"article:modified_time\" content=\"2024-01-02T15:34:49+00:00\" \/>\n<meta property=\"og:image\" content=\"https:\/\/forhuman.mx\/blog\/wp-content\/uploads\/2023\/02\/Causas-de-estres-en-el-trabajo.png\" \/>\n\t<meta property=\"og:image:width\" content=\"780\" \/>\n\t<meta property=\"og:image:height\" content=\"410\" \/>\n\t<meta property=\"og:image:type\" content=\"image\/png\" \/>\n<meta name=\"author\" content=\"FORHUMAN\" \/>\n<meta name=\"twitter:card\" content=\"summary_large_image\" \/>\n<meta name=\"twitter:label1\" content=\"Escrito por\" \/>\n\t<meta name=\"twitter:data1\" content=\"FORHUMAN\" \/>\n\t<meta name=\"twitter:label2\" content=\"Tiempo de lectura\" \/>\n\t<meta name=\"twitter:data2\" content=\"2 minutos\" \/>\n<script type=\"application\/ld+json\" class=\"yoast-schema-graph\">{\"@context\":\"https:\/\/schema.org\",\"@graph\":[{\"@type\":\"Article\",\"@id\":\"https:\/\/forhuman.mx\/blog\/causas-de-estres-en-el-trabajo\/#article\",\"isPartOf\":{\"@id\":\"https:\/\/forhuman.mx\/blog\/causas-de-estres-en-el-trabajo\/\"},\"author\":{\"name\":\"FORHUMAN\",\"@id\":\"https:\/\/forhuman.mx\/blog\/#\/schema\/person\/851f2ffcb147a58cc67286c04fb6bda0\"},\"headline\":\"Causas de estr\u00e9s en el trabajo\",\"datePublished\":\"2023-02-03T16:50:41+00:00\",\"dateModified\":\"2024-01-02T15:34:49+00:00\",\"mainEntityOfPage\":{\"@id\":\"https:\/\/forhuman.mx\/blog\/causas-de-estres-en-el-trabajo\/\"},\"wordCount\":396,\"publisher\":{\"@id\":\"https:\/\/forhuman.mx\/blog\/#organization\"},\"image\":{\"@id\":\"https:\/\/forhuman.mx\/blog\/causas-de-estres-en-el-trabajo\/#primaryimage\"},\"thumbnailUrl\":\"https:\/\/i0.wp.com\/forhuman.mx\/blog\/wp-content\/uploads\/2023\/02\/Causas-de-estres-en-el-trabajo.png?fit=780%2C410&ssl=1\",\"keywords\":[\"Capital Humano\",\"Estres\",\"Forhuman\",\"Salud mental\"],\"articleSection\":[\"Capital Humano\"],\"inLanguage\":\"es\"},{\"@type\":\"WebPage\",\"@id\":\"https:\/\/forhuman.mx\/blog\/causas-de-estres-en-el-trabajo\/\",\"url\":\"https:\/\/forhuman.mx\/blog\/causas-de-estres-en-el-trabajo\/\",\"name\":\"Causas de estr\u00e9s en el trabajo - Forhuman Blog\",\"isPartOf\":{\"@id\":\"https:\/\/forhuman.mx\/blog\/#website\"},\"primaryImageOfPage\":{\"@id\":\"https:\/\/forhuman.mx\/blog\/causas-de-estres-en-el-trabajo\/#primaryimage\"},\"image\":{\"@id\":\"https:\/\/forhuman.mx\/blog\/causas-de-estres-en-el-trabajo\/#primaryimage\"},\"thumbnailUrl\":\"https:\/\/i0.wp.com\/forhuman.mx\/blog\/wp-content\/uploads\/2023\/02\/Causas-de-estres-en-el-trabajo.png?fit=780%2C410&ssl=1\",\"datePublished\":\"2023-02-03T16:50:41+00:00\",\"dateModified\":\"2024-01-02T15:34:49+00:00\",\"description\":\"Existen diferentes causa que pueden generar estr\u00e9s en el trabajo. Descubre las principales causas de estr\u00e9s para detectarlas.\",\"breadcrumb\":{\"@id\":\"https:\/\/forhuman.mx\/blog\/causas-de-estres-en-el-trabajo\/#breadcrumb\"},\"inLanguage\":\"es\",\"potentialAction\":[{\"@type\":\"ReadAction\",\"target\":[\"https:\/\/forhuman.mx\/blog\/causas-de-estres-en-el-trabajo\/\"]}]},{\"@type\":\"ImageObject\",\"inLanguage\":\"es\",\"@id\":\"https:\/\/forhuman.mx\/blog\/causas-de-estres-en-el-trabajo\/#primaryimage\",\"url\":\"https:\/\/i0.wp.com\/forhuman.mx\/blog\/wp-content\/uploads\/2023\/02\/Causas-de-estres-en-el-trabajo.png?fit=780%2C410&ssl=1\",\"contentUrl\":\"https:\/\/i0.wp.com\/forhuman.mx\/blog\/wp-content\/uploads\/2023\/02\/Causas-de-estres-en-el-trabajo.png?fit=780%2C410&ssl=1\",\"width\":780,\"height\":410},{\"@type\":\"BreadcrumbList\",\"@id\":\"https:\/\/forhuman.mx\/blog\/causas-de-estres-en-el-trabajo\/#breadcrumb\",\"itemListElement\":[{\"@type\":\"ListItem\",\"position\":1,\"name\":\"Portada\",\"item\":\"https:\/\/forhuman.mx\/blog\/\"},{\"@type\":\"ListItem\",\"position\":2,\"name\":\"Causas de estr\u00e9s en el trabajo\"}]},{\"@type\":\"WebSite\",\"@id\":\"https:\/\/forhuman.mx\/blog\/#website\",\"url\":\"https:\/\/forhuman.mx\/blog\/\",\"name\":\"Forhuman Blog\",\"description\":\"Reclutamos y seleccionamos talento para las empresas, contribuyendo a su humanizaci\u00f3n mediante nuestros servicios especializados, de estructura y defensa legal laboral.\",\"publisher\":{\"@id\":\"https:\/\/forhuman.mx\/blog\/#organization\"},\"potentialAction\":[{\"@type\":\"SearchAction\",\"target\":{\"@type\":\"EntryPoint\",\"urlTemplate\":\"https:\/\/forhuman.mx\/blog\/?s={search_term_string}\"},\"query-input\":{\"@type\":\"PropertyValueSpecification\",\"valueRequired\":true,\"valueName\":\"search_term_string\"}}],\"inLanguage\":\"es\"},{\"@type\":\"Organization\",\"@id\":\"https:\/\/forhuman.mx\/blog\/#organization\",\"name\":\"Forhuman Blog\",\"url\":\"https:\/\/forhuman.mx\/blog\/\",\"logo\":{\"@type\":\"ImageObject\",\"inLanguage\":\"es\",\"@id\":\"https:\/\/forhuman.mx\/blog\/#\/schema\/logo\/image\/\",\"url\":\"https:\/\/i0.wp.com\/forhuman.mx\/blog\/wp-content\/uploads\/2023\/08\/logo.png?fit=571%2C110&ssl=1\",\"contentUrl\":\"https:\/\/i0.wp.com\/forhuman.mx\/blog\/wp-content\/uploads\/2023\/08\/logo.png?fit=571%2C110&ssl=1\",\"width\":571,\"height\":110,\"caption\":\"Forhuman Blog\"},\"image\":{\"@id\":\"https:\/\/forhuman.mx\/blog\/#\/schema\/logo\/image\/\"}},{\"@type\":\"Person\",\"@id\":\"https:\/\/forhuman.mx\/blog\/#\/schema\/person\/851f2ffcb147a58cc67286c04fb6bda0\",\"name\":\"FORHUMAN\",\"image\":{\"@type\":\"ImageObject\",\"inLanguage\":\"es\",\"@id\":\"https:\/\/forhuman.mx\/blog\/#\/schema\/person\/image\/\",\"url\":\"https:\/\/i0.wp.com\/forhuman.mx\/blog\/wp-content\/uploads\/2023\/08\/logo-cuadrado-fondo-negro.png?fit=96%2C87&#038;ssl=1\",\"contentUrl\":\"https:\/\/i0.wp.com\/forhuman.mx\/blog\/wp-content\/uploads\/2023\/08\/logo-cuadrado-fondo-negro.png?fit=96%2C87&#038;ssl=1\",\"caption\":\"FORHUMAN\"},\"description\":\"Reclutamos y seleccionamos talento para las empresas, contribuyendo a su humanizaci\u00f3n mediante nuestros servicios especializados, de estructura y defensa legal laboral.\",\"sameAs\":[\"https:\/\/forhuman.mx\",\"facebook.com\/forhumanmx\",\"instagram.com\/forhumanmx\/\",\"linkedin.com\/company\/forhuman\/\",\"https:\/\/youtube.com\/channel\/UCJwyZnzZ9PNvOhl4siylFGQ\"],\"url\":\"https:\/\/forhuman.mx\/blog\/author\/forhumanmkt\/\"}]}<\/script>\n<!-- \/ Yoast SEO plugin. -->","yoast_head_json":{"title":"Causas de estr\u00e9s en el trabajo - Forhuman Blog","description":"Existen diferentes causa que pueden generar estr\u00e9s en el trabajo. Descubre las principales causas de estr\u00e9s para detectarlas.","robots":{"index":"index","follow":"follow","max-snippet":"max-snippet:-1","max-image-preview":"max-image-preview:large","max-video-preview":"max-video-preview:-1"},"canonical":"https:\/\/forhuman.mx\/blog\/causas-de-estres-en-el-trabajo\/","og_locale":"es_ES","og_type":"article","og_title":"Causas de estr\u00e9s en el trabajo - Forhuman Blog","og_description":"Existen diferentes causa que pueden generar estr\u00e9s en el trabajo. Descubre las principales causas de estr\u00e9s para detectarlas.","og_url":"https:\/\/forhuman.mx\/blog\/causas-de-estres-en-el-trabajo\/","og_site_name":"Forhuman Blog","article_author":"facebook.com\/forhumanmx","article_published_time":"2023-02-03T16:50:41+00:00","article_modified_time":"2024-01-02T15:34:49+00:00","og_image":[{"width":780,"height":410,"url":"https:\/\/forhuman.mx\/blog\/wp-content\/uploads\/2023\/02\/Causas-de-estres-en-el-trabajo.png","type":"image\/png"}],"author":"FORHUMAN","twitter_card":"summary_large_image","twitter_misc":{"Escrito por":"FORHUMAN","Tiempo de lectura":"2 minutos"},"schema":{"@context":"https:\/\/schema.org","@graph":[{"@type":"Article","@id":"https:\/\/forhuman.mx\/blog\/causas-de-estres-en-el-trabajo\/#article","isPartOf":{"@id":"https:\/\/forhuman.mx\/blog\/causas-de-estres-en-el-trabajo\/"},"author":{"name":"FORHUMAN","@id":"https:\/\/forhuman.mx\/blog\/#\/schema\/person\/851f2ffcb147a58cc67286c04fb6bda0"},"headline":"Causas de estr\u00e9s en el trabajo","datePublished":"2023-02-03T16:50:41+00:00","dateModified":"2024-01-02T15:34:49+00:00","mainEntityOfPage":{"@id":"https:\/\/forhuman.mx\/blog\/causas-de-estres-en-el-trabajo\/"},"wordCount":396,"publisher":{"@id":"https:\/\/forhuman.mx\/blog\/#organization"},"image":{"@id":"https:\/\/forhuman.mx\/blog\/causas-de-estres-en-el-trabajo\/#primaryimage"},"thumbnailUrl":"https:\/\/i0.wp.com\/forhuman.mx\/blog\/wp-content\/uploads\/2023\/02\/Causas-de-estres-en-el-trabajo.png?fit=780%2C410&ssl=1","keywords":["Capital Humano","Estres","Forhuman","Salud mental"],"articleSection":["Capital Humano"],"inLanguage":"es"},{"@type":"WebPage","@id":"https:\/\/forhuman.mx\/blog\/causas-de-estres-en-el-trabajo\/","url":"https:\/\/forhuman.mx\/blog\/causas-de-estres-en-el-trabajo\/","name":"Causas de estr\u00e9s en el trabajo - Forhuman Blog","isPartOf":{"@id":"https:\/\/forhuman.mx\/blog\/#website"},"primaryImageOfPage":{"@id":"https:\/\/forhuman.mx\/blog\/causas-de-estres-en-el-trabajo\/#primaryimage"},"image":{"@id":"https:\/\/forhuman.mx\/blog\/causas-de-estres-en-el-trabajo\/#primaryimage"},"thumbnailUrl":"https:\/\/i0.wp.com\/forhuman.mx\/blog\/wp-content\/uploads\/2023\/02\/Causas-de-estres-en-el-trabajo.png?fit=780%2C410&ssl=1","datePublished":"2023-02-03T16:50:41+00:00","dateModified":"2024-01-02T15:34:49+00:00","description":"Existen diferentes causa que pueden generar estr\u00e9s en el trabajo. Descubre las principales causas de estr\u00e9s para detectarlas.","breadcrumb":{"@id":"https:\/\/forhuman.mx\/blog\/causas-de-estres-en-el-trabajo\/#breadcrumb"},"inLanguage":"es","potentialAction":[{"@type":"ReadAction","target":["https:\/\/forhuman.mx\/blog\/causas-de-estres-en-el-trabajo\/"]}]},{"@type":"ImageObject","inLanguage":"es","@id":"https:\/\/forhuman.mx\/blog\/causas-de-estres-en-el-trabajo\/#primaryimage","url":"https:\/\/i0.wp.com\/forhuman.mx\/blog\/wp-content\/uploads\/2023\/02\/Causas-de-estres-en-el-trabajo.png?fit=780%2C410&ssl=1","contentUrl":"https:\/\/i0.wp.com\/forhuman.mx\/blog\/wp-content\/uploads\/2023\/02\/Causas-de-estres-en-el-trabajo.png?fit=780%2C410&ssl=1","width":780,"height":410},{"@type":"BreadcrumbList","@id":"https:\/\/forhuman.mx\/blog\/causas-de-estres-en-el-trabajo\/#breadcrumb","itemListElement":[{"@type":"ListItem","position":1,"name":"Portada","item":"https:\/\/forhuman.mx\/blog\/"},{"@type":"ListItem","position":2,"name":"Causas de estr\u00e9s en el trabajo"}]},{"@type":"WebSite","@id":"https:\/\/forhuman.mx\/blog\/#website","url":"https:\/\/forhuman.mx\/blog\/","name":"Forhuman Blog","description":"Reclutamos y seleccionamos talento para las empresas, contribuyendo a su humanizaci\u00f3n mediante nuestros servicios especializados, de estructura y defensa legal laboral.","publisher":{"@id":"https:\/\/forhuman.mx\/blog\/#organization"},"potentialAction":[{"@type":"SearchAction","target":{"@type":"EntryPoint","urlTemplate":"https:\/\/forhuman.mx\/blog\/?s={search_term_string}"},"query-input":{"@type":"PropertyValueSpecification","valueRequired":true,"valueName":"search_term_string"}}],"inLanguage":"es"},{"@type":"Organization","@id":"https:\/\/forhuman.mx\/blog\/#organization","name":"Forhuman Blog","url":"https:\/\/forhuman.mx\/blog\/","logo":{"@type":"ImageObject","inLanguage":"es","@id":"https:\/\/forhuman.mx\/blog\/#\/schema\/logo\/image\/","url":"https:\/\/i0.wp.com\/forhuman.mx\/blog\/wp-content\/uploads\/2023\/08\/logo.png?fit=571%2C110&ssl=1","contentUrl":"https:\/\/i0.wp.com\/forhuman.mx\/blog\/wp-content\/uploads\/2023\/08\/logo.png?fit=571%2C110&ssl=1","width":571,"height":110,"caption":"Forhuman Blog"},"image":{"@id":"https:\/\/forhuman.mx\/blog\/#\/schema\/logo\/image\/"}},{"@type":"Person","@id":"https:\/\/forhuman.mx\/blog\/#\/schema\/person\/851f2ffcb147a58cc67286c04fb6bda0","name":"FORHUMAN","image":{"@type":"ImageObject","inLanguage":"es","@id":"https:\/\/forhuman.mx\/blog\/#\/schema\/person\/image\/","url":"https:\/\/i0.wp.com\/forhuman.mx\/blog\/wp-content\/uploads\/2023\/08\/logo-cuadrado-fondo-negro.png?fit=96%2C87&#038;ssl=1","contentUrl":"https:\/\/i0.wp.com\/forhuman.mx\/blog\/wp-content\/uploads\/2023\/08\/logo-cuadrado-fondo-negro.png?fit=96%2C87&#038;ssl=1","caption":"FORHUMAN"},"description":"Reclutamos y seleccionamos talento para las empresas, contribuyendo a su humanizaci\u00f3n mediante nuestros servicios especializados, de estructura y defensa legal laboral.","sameAs":["https:\/\/forhuman.mx","facebook.com\/forhumanmx","instagram.com\/forhumanmx\/","linkedin.com\/company\/forhuman\/","https:\/\/youtube.com\/channel\/UCJwyZnzZ9PNvOhl4siylFGQ"],"url":"https:\/\/forhuman.mx\/blog\/author\/forhumanmkt\/"}]}},"jetpack_featured_media_url":"https:\/\/i0.wp.com\/forhuman.mx\/blog\/wp-content\/uploads\/2023\/02\/Causas-de-estres-en-el-trabajo.png?fit=780%2C410&ssl=1","jetpack_sharing_enabled":true,"jetpack-related-posts":[{"id":245,"url":"https:\/\/forhuman.mx\/blog\/como-prevenir-el-estres-laboral\/","url_meta":{"origin":251,"position":0},"title":"\u00bfC\u00f3mo prevenir el estr\u00e9s laboral?","author":"FORHUMAN","date":"3 de febrero de 2023","format":false,"excerpt":"Un ambiente laboral con un nivel bajo de estr\u00e9s presenta un incremento en la productividad general, por lo cual encontrar maneras y estrategias para prevenir el estr\u00e9s pueden sen factores significativos en una mejora de la empresa u organizaci\u00f3n. Estrategias para prevenir el estr\u00e9s laboral Una de las principales estrategias\u2026","rel":"","context":"En \u00abCapital Humano\u00bb","block_context":{"text":"Capital Humano","link":"https:\/\/forhuman.mx\/blog\/category\/capital-humano\/"},"img":{"alt_text":"","src":"https:\/\/i0.wp.com\/forhuman.mx\/blog\/wp-content\/uploads\/2023\/02\/Como-prevenir-el-estres-laboral.png?fit=780%2C410&ssl=1&resize=350%2C200","width":350,"height":200,"srcset":"https:\/\/i0.wp.com\/forhuman.mx\/blog\/wp-content\/uploads\/2023\/02\/Como-prevenir-el-estres-laboral.png?fit=780%2C410&ssl=1&resize=350%2C200 1x, https:\/\/i0.wp.com\/forhuman.mx\/blog\/wp-content\/uploads\/2023\/02\/Como-prevenir-el-estres-laboral.png?fit=780%2C410&ssl=1&resize=525%2C300 1.5x, https:\/\/i0.wp.com\/forhuman.mx\/blog\/wp-content\/uploads\/2023\/02\/Como-prevenir-el-estres-laboral.png?fit=780%2C410&ssl=1&resize=700%2C400 2x"},"classes":[]},{"id":253,"url":"https:\/\/forhuman.mx\/blog\/estres-y-eustres-2-variantes-sobre-la-salud-mental-en-el-trabajo\/","url_meta":{"origin":251,"position":1},"title":"Estr\u00e9s y eustr\u00e9s: 2 variantes sobre la salud mental en el trabajo","author":"FORHUMAN","date":"3 de febrero de 2023","format":false,"excerpt":"Uno de los factores de un bajo rendimiento en el ambiente laboral es sin duda el estr\u00e9s que puede presentarse, pues este puede afectar de manera individual y conjunta a los laboradores de tu empresa. En este blog te contaremos sobre las diferentes variantes del estr\u00e9s y su repercusi\u00f3n en\u2026","rel":"","context":"En \u00abCapital Humano\u00bb","block_context":{"text":"Capital Humano","link":"https:\/\/forhuman.mx\/blog\/category\/capital-humano\/"},"img":{"alt_text":"","src":"https:\/\/i0.wp.com\/forhuman.mx\/blog\/wp-content\/uploads\/2023\/02\/Estres-y-eustres-2-variantes-sobre-la-salud-mental-en-el-trabajo.png?fit=780%2C410&ssl=1&resize=350%2C200","width":350,"height":200,"srcset":"https:\/\/i0.wp.com\/forhuman.mx\/blog\/wp-content\/uploads\/2023\/02\/Estres-y-eustres-2-variantes-sobre-la-salud-mental-en-el-trabajo.png?fit=780%2C410&ssl=1&resize=350%2C200 1x, https:\/\/i0.wp.com\/forhuman.mx\/blog\/wp-content\/uploads\/2023\/02\/Estres-y-eustres-2-variantes-sobre-la-salud-mental-en-el-trabajo.png?fit=780%2C410&ssl=1&resize=525%2C300 1.5x, https:\/\/i0.wp.com\/forhuman.mx\/blog\/wp-content\/uploads\/2023\/02\/Estres-y-eustres-2-variantes-sobre-la-salud-mental-en-el-trabajo.png?fit=780%2C410&ssl=1&resize=700%2C400 2x"},"classes":[]},{"id":247,"url":"https:\/\/forhuman.mx\/blog\/sintomas-y-consecuencias-del-estres-laboral\/","url_meta":{"origin":251,"position":2},"title":"S\u00edntomas y consecuencias del estr\u00e9s laboral","author":"FORHUMAN","date":"3 de febrero de 2023","format":false,"excerpt":"El estr\u00e9s tiene diferentes consecuencias y repercusiones dentro de los miembros de una empresa, en la mayor\u00eda de los casos de esencia negativa, por lo cual el detectar los s\u00edntomas del estr\u00e9s en tus empleados puede ser un gran acierto para evitar consecuencias graves a largo plazo. \u00bfCu\u00e1les son los\u2026","rel":"","context":"En \u00abCapital Humano\u00bb","block_context":{"text":"Capital Humano","link":"https:\/\/forhuman.mx\/blog\/category\/capital-humano\/"},"img":{"alt_text":"","src":"https:\/\/i0.wp.com\/forhuman.mx\/blog\/wp-content\/uploads\/2023\/02\/Sintomas-y-consecuencias-del-estres-laboral.png?fit=780%2C410&ssl=1&resize=350%2C200","width":350,"height":200,"srcset":"https:\/\/i0.wp.com\/forhuman.mx\/blog\/wp-content\/uploads\/2023\/02\/Sintomas-y-consecuencias-del-estres-laboral.png?fit=780%2C410&ssl=1&resize=350%2C200 1x, https:\/\/i0.wp.com\/forhuman.mx\/blog\/wp-content\/uploads\/2023\/02\/Sintomas-y-consecuencias-del-estres-laboral.png?fit=780%2C410&ssl=1&resize=525%2C300 1.5x, https:\/\/i0.wp.com\/forhuman.mx\/blog\/wp-content\/uploads\/2023\/02\/Sintomas-y-consecuencias-del-estres-laboral.png?fit=780%2C410&ssl=1&resize=700%2C400 2x"},"classes":[]},{"id":43,"url":"https:\/\/forhuman.mx\/blog\/sindrome-de-burnout-que-es-y-cuales-son-las-causas\/","url_meta":{"origin":251,"position":3},"title":"S\u00edndrome de Burnout \u00bfQu\u00e9 es y cu\u00e1les son las causas?","author":"FORHUMAN","date":"9 de junio de 2023","format":false,"excerpt":"Manifestar agotamiento y cansancio despu\u00e9s de la jornada laboral es algo t\u00edpico, pues utilizamos nuestra energ\u00eda para rendir en las tareas cotidianas, pero cuando se manifiesta de manera prolongada, acompa\u00f1ado de la perdida de inter\u00e9s en el trabajo, reacciones psicol\u00f3gicas negativas y otros s\u00edntomas podr\u00eda tratarse del S\u00edndrome de Burnout.\u2026","rel":"","context":"En \u00abCapital Humano\u00bb","block_context":{"text":"Capital Humano","link":"https:\/\/forhuman.mx\/blog\/category\/capital-humano\/"},"img":{"alt_text":"","src":"https:\/\/i0.wp.com\/forhuman.mx\/blog\/wp-content\/uploads\/2023\/06\/Sindrome-de-Burnout-%C2%BFQue-es-y-cuales-son-las-causas-1-1.png?fit=1200%2C675&ssl=1&resize=350%2C200","width":350,"height":200,"srcset":"https:\/\/i0.wp.com\/forhuman.mx\/blog\/wp-content\/uploads\/2023\/06\/Sindrome-de-Burnout-%C2%BFQue-es-y-cuales-son-las-causas-1-1.png?fit=1200%2C675&ssl=1&resize=350%2C200 1x, https:\/\/i0.wp.com\/forhuman.mx\/blog\/wp-content\/uploads\/2023\/06\/Sindrome-de-Burnout-%C2%BFQue-es-y-cuales-son-las-causas-1-1.png?fit=1200%2C675&ssl=1&resize=525%2C300 1.5x, https:\/\/i0.wp.com\/forhuman.mx\/blog\/wp-content\/uploads\/2023\/06\/Sindrome-de-Burnout-%C2%BFQue-es-y-cuales-son-las-causas-1-1.png?fit=1200%2C675&ssl=1&resize=700%2C400 2x, https:\/\/i0.wp.com\/forhuman.mx\/blog\/wp-content\/uploads\/2023\/06\/Sindrome-de-Burnout-%C2%BFQue-es-y-cuales-son-las-causas-1-1.png?fit=1200%2C675&ssl=1&resize=1050%2C600 3x"},"classes":[]},{"id":139,"url":"https:\/\/forhuman.mx\/blog\/estrategias-para-evitar-la-rotacion-de-personal-en-tu-empresa\/","url_meta":{"origin":251,"position":4},"title":"Estrategias para evitar la rotaci\u00f3n de personal en tu empresa","author":"FORHUMAN","date":"7 de febrero de 2023","format":false,"excerpt":"La rotaci\u00f3n del personal dentro de las empresas es uno de los mayores problemas que enfrentan, pues de manera externa denota problemas de consolidaci\u00f3n y de manera interna implica problemas dentro de la organizaci\u00f3n y los empleados. En este blog te hablaremos de estrategias para evitar la rotaci\u00f3n de personal.\u2026","rel":"","context":"En \u00abCapital Humano\u00bb","block_context":{"text":"Capital Humano","link":"https:\/\/forhuman.mx\/blog\/category\/capital-humano\/"},"img":{"alt_text":"","src":"https:\/\/i0.wp.com\/forhuman.mx\/blog\/wp-content\/uploads\/2023\/02\/Estategias-para-evitar-la-rotacion-de-personal.png?fit=1200%2C675&ssl=1&resize=350%2C200","width":350,"height":200,"srcset":"https:\/\/i0.wp.com\/forhuman.mx\/blog\/wp-content\/uploads\/2023\/02\/Estategias-para-evitar-la-rotacion-de-personal.png?fit=1200%2C675&ssl=1&resize=350%2C200 1x, https:\/\/i0.wp.com\/forhuman.mx\/blog\/wp-content\/uploads\/2023\/02\/Estategias-para-evitar-la-rotacion-de-personal.png?fit=1200%2C675&ssl=1&resize=525%2C300 1.5x, https:\/\/i0.wp.com\/forhuman.mx\/blog\/wp-content\/uploads\/2023\/02\/Estategias-para-evitar-la-rotacion-de-personal.png?fit=1200%2C675&ssl=1&resize=700%2C400 2x, https:\/\/i0.wp.com\/forhuman.mx\/blog\/wp-content\/uploads\/2023\/02\/Estategias-para-evitar-la-rotacion-de-personal.png?fit=1200%2C675&ssl=1&resize=1050%2C600 3x"},"classes":[]},{"id":147,"url":"https:\/\/forhuman.mx\/blog\/maneras-de-implementar-la-flexibilidad-laboral-en-tu-negocio\/","url_meta":{"origin":251,"position":5},"title":"Maneras de implementar la flexibilidad laboral en tu negocio.","author":"FORHUMAN","date":"7 de febrero de 2023","format":false,"excerpt":"Con los cambios recientes que ha tra\u00eddo la pandemia dentro de las formas de trabajo, como el teletrabajo y las distintas maneras que surgieron tras el trabajar desde casa, han contribuido a que las empresas empleen nuevas formas de gestionar a sus empleados. En este blog te presentamos las maneras\u2026","rel":"","context":"En \u00abCapital Humano\u00bb","block_context":{"text":"Capital Humano","link":"https:\/\/forhuman.mx\/blog\/category\/capital-humano\/"},"img":{"alt_text":"","src":"https:\/\/i0.wp.com\/forhuman.mx\/blog\/wp-content\/uploads\/2023\/02\/Maneras-de-implementar-la-flexibilidad-laboral-en-tu-negocio.png?fit=1200%2C675&ssl=1&resize=350%2C200","width":350,"height":200,"srcset":"https:\/\/i0.wp.com\/forhuman.mx\/blog\/wp-content\/uploads\/2023\/02\/Maneras-de-implementar-la-flexibilidad-laboral-en-tu-negocio.png?fit=1200%2C675&ssl=1&resize=350%2C200 1x, https:\/\/i0.wp.com\/forhuman.mx\/blog\/wp-content\/uploads\/2023\/02\/Maneras-de-implementar-la-flexibilidad-laboral-en-tu-negocio.png?fit=1200%2C675&ssl=1&resize=525%2C300 1.5x, https:\/\/i0.wp.com\/forhuman.mx\/blog\/wp-content\/uploads\/2023\/02\/Maneras-de-implementar-la-flexibilidad-laboral-en-tu-negocio.png?fit=1200%2C675&ssl=1&resize=700%2C400 2x, https:\/\/i0.wp.com\/forhuman.mx\/blog\/wp-content\/uploads\/2023\/02\/Maneras-de-implementar-la-flexibilidad-laboral-en-tu-negocio.png?fit=1200%2C675&ssl=1&resize=1050%2C600 3x"},"classes":[]}],"_links":{"self":[{"href":"https:\/\/forhuman.mx\/blog\/wp-json\/wp\/v2\/posts\/251","targetHints":{"allow":["GET"]}}],"collection":[{"href":"https:\/\/forhuman.mx\/blog\/wp-json\/wp\/v2\/posts"}],"about":[{"href":"https:\/\/forhuman.mx\/blog\/wp-json\/wp\/v2\/types\/post"}],"author":[{"embeddable":true,"href":"https:\/\/forhuman.mx\/blog\/wp-json\/wp\/v2\/users\/1"}],"replies":[{"embeddable":true,"href":"https:\/\/forhuman.mx\/blog\/wp-json\/wp\/v2\/comments?post=251"}],"version-history":[{"count":1,"href":"https:\/\/forhuman.mx\/blog\/wp-json\/wp\/v2\/posts\/251\/revisions"}],"predecessor-version":[{"id":549,"href":"https:\/\/forhuman.mx\/blog\/wp-json\/wp\/v2\/posts\/251\/revisions\/549"}],"wp:featuredmedia":[{"embeddable":true,"href":"https:\/\/forhuman.mx\/blog\/wp-json\/wp\/v2\/media\/252"}],"wp:attachment":[{"href":"https:\/\/forhuman.mx\/blog\/wp-json\/wp\/v2\/media?parent=251"}],"wp:term":[{"taxonomy":"category","embeddable":true,"href":"https:\/\/forhuman.mx\/blog\/wp-json\/wp\/v2\/categories?post=251"},{"taxonomy":"post_tag","embeddable":true,"href":"https:\/\/forhuman.mx\/blog\/wp-json\/wp\/v2\/tags?post=251"}],"curies":[{"name":"wp","href":"https:\/\/api.w.org\/{rel}","templated":true}]}}