{"id":253,"date":"2023-02-03T17:44:03","date_gmt":"2023-02-03T16:44:03","guid":{"rendered":"https:\/\/forhuman.mx\/blog\/?p=2318"},"modified":"2024-01-02T09:34:51","modified_gmt":"2024-01-02T15:34:51","slug":"estres-y-eustres-2-variantes-sobre-la-salud-mental-en-el-trabajo","status":"publish","type":"post","link":"https:\/\/forhuman.mx\/blog\/estres-y-eustres-2-variantes-sobre-la-salud-mental-en-el-trabajo\/","title":{"rendered":"<strong>Estr\u00e9s y eustr\u00e9s: 2 variantes sobre la salud mental en el trabajo<\/strong>"},"content":{"rendered":"\n<p>Uno de los factores de un bajo rendimiento en el ambiente laboral es sin duda el estr\u00e9s que puede presentarse, pues este puede afectar de manera individual y conjunta a los laboradores de tu empresa. En este blog te contaremos sobre las diferentes variantes del estr\u00e9s y su repercusi\u00f3n en el trabajo.<\/p>\n\n\n\n<h2 class=\"wp-block-heading\">\u00bfQu\u00e9 es el estr\u00e9s?<\/h2>\n\n\n\n<p>Para poder diferenciar entre las variantes del estr\u00e9s, es importante entender el aspecto general de este. La Organizaci\u00f3n Mundial de la Salud (OMS) lo define como un conjunto de reacciones psicol\u00f3gicas cognitivas y conductuales ante ciertos est\u00edmulos.<\/p>\n\n\n\n<p>En el caso del estr\u00e9s laboral, el individuo hace un an\u00e1lisis entre las demandas laborales y los recursos que tiene para cumplir esas exigencias y si no cuenta con los recursos adecuados, es cuando entra el estr\u00e9s laboral al no cumplir con lo que se demanda.<\/p>\n\n\n\n<p>La respuesta a este estimulo del estr\u00e9s se puede dar de forma adaptativa o desadaptativa y de esta forma podemos diferenciar estr\u00e9s y el eustr\u00e9s. Si la respuesta se da de una manera adaptativa se considera eustr\u00e9s, donde el individuo se considera apto y con la capacidad de responder a las demandas laborales.<\/p>\n\n\n\n<h2 class=\"wp-block-heading\">Pero, \u00bfQu\u00e9 es el eustr\u00e9s?<\/h2>\n\n\n\n<p>El eustr\u00e9s puede generar una motivaci\u00f3n positiva para algunas personas pues representa una motivaci\u00f3n y un reto que les permite un mejor rendimiento en su \u00e1rea laboral.<\/p>\n\n\n\n<p>Por otro lado, el estr\u00e9s o tambi\u00e9n catalogado como distr\u00e9s es en el cual se da una respuesta desadaptativa, es decir que el individuo se siente incapaz de lograr sus objetivos con las herramientas que tiene generando esas emociones negativas en su ambiente.<\/p>\n\n\n\n<p>Este estr\u00e9s negativo es el que incapacita a los empleados generando un bajo rendimiento laboral, y afectando en parte la salud mental del individuo; es en estos casos donde las empresas bajo la reglamentaci\u00f3n NOM 135, deben proporcionar apoyo para salvaguardar la salud psicosocial de sus laboradores.<\/p>\n\n\n\n<p>Si te interesa conocer m\u00e1s sobre Forhuman y c\u00f3mo gestionar el capital humano de tu empresa, visita nuestras redes sociales.<\/p>\n","protected":false},"excerpt":{"rendered":"<p>Uno de los factores de un bajo rendimiento en el ambiente laboral es sin duda el estr\u00e9s que puede presentarse, pues este puede afectar de manera individual y conjunta a los laboradores de tu empresa. En este blog te contaremos sobre las diferentes variantes del estr\u00e9s y su repercusi\u00f3n en el trabajo. \u00bfQu\u00e9 es el [&hellip;]<\/p>\n","protected":false},"author":1,"featured_media":254,"comment_status":"closed","ping_status":"open","sticky":false,"template":"","format":"standard","meta":{"_jetpack_memberships_contains_paid_content":false,"footnotes":""},"categories":[3],"tags":[4,17,11,15],"class_list":["post-253","post","type-post","status-publish","format-standard","has-post-thumbnail","hentry","category-capital-humano","tag-capital-humano","tag-estres","tag-forhuman","tag-salud-mental"],"yoast_head":"<!-- This site is optimized with the Yoast SEO plugin v27.0 - https:\/\/yoast.com\/product\/yoast-seo-wordpress\/ -->\n<title>Estr\u00e9s y eustr\u00e9s: 2 variantes sobre la salud mental en el trabajo<\/title>\n<meta name=\"description\" content=\"Uno de los factores del bajo rendimiento en una empresa es el estr\u00e9s. Descubre las variantes del estr\u00e9s y su repercusi\u00f3n en el trabajo.\" \/>\n<meta name=\"robots\" content=\"index, follow, max-snippet:-1, max-image-preview:large, max-video-preview:-1\" \/>\n<link rel=\"canonical\" href=\"https:\/\/forhuman.mx\/blog\/estres-y-eustres-2-variantes-sobre-la-salud-mental-en-el-trabajo\/\" \/>\n<meta property=\"og:locale\" content=\"es_ES\" \/>\n<meta property=\"og:type\" content=\"article\" \/>\n<meta property=\"og:title\" content=\"Estr\u00e9s y eustr\u00e9s: 2 variantes sobre la salud mental en el trabajo\" \/>\n<meta property=\"og:description\" content=\"Uno de los factores del bajo rendimiento en una empresa es el estr\u00e9s. Descubre las variantes del estr\u00e9s y su repercusi\u00f3n en el trabajo.\" \/>\n<meta property=\"og:url\" content=\"https:\/\/forhuman.mx\/blog\/estres-y-eustres-2-variantes-sobre-la-salud-mental-en-el-trabajo\/\" \/>\n<meta property=\"og:site_name\" content=\"Forhuman Blog\" \/>\n<meta property=\"article:author\" content=\"facebook.com\/forhumanmx\" \/>\n<meta property=\"article:published_time\" content=\"2023-02-03T16:44:03+00:00\" \/>\n<meta property=\"article:modified_time\" content=\"2024-01-02T15:34:51+00:00\" \/>\n<meta property=\"og:image\" content=\"https:\/\/forhuman.mx\/blog\/wp-content\/uploads\/2023\/02\/Estres-y-eustres-2-variantes-sobre-la-salud-mental-en-el-trabajo.png\" \/>\n\t<meta property=\"og:image:width\" content=\"780\" \/>\n\t<meta property=\"og:image:height\" content=\"410\" \/>\n\t<meta property=\"og:image:type\" content=\"image\/png\" \/>\n<meta name=\"author\" content=\"FORHUMAN\" \/>\n<meta name=\"twitter:card\" content=\"summary_large_image\" \/>\n<meta name=\"twitter:label1\" content=\"Escrito por\" \/>\n\t<meta name=\"twitter:data1\" content=\"FORHUMAN\" \/>\n\t<meta name=\"twitter:label2\" content=\"Tiempo de lectura\" \/>\n\t<meta name=\"twitter:data2\" content=\"2 minutos\" \/>\n<script type=\"application\/ld+json\" class=\"yoast-schema-graph\">{\"@context\":\"https:\/\/schema.org\",\"@graph\":[{\"@type\":\"Article\",\"@id\":\"https:\/\/forhuman.mx\/blog\/estres-y-eustres-2-variantes-sobre-la-salud-mental-en-el-trabajo\/#article\",\"isPartOf\":{\"@id\":\"https:\/\/forhuman.mx\/blog\/estres-y-eustres-2-variantes-sobre-la-salud-mental-en-el-trabajo\/\"},\"author\":{\"name\":\"FORHUMAN\",\"@id\":\"https:\/\/forhuman.mx\/blog\/#\/schema\/person\/851f2ffcb147a58cc67286c04fb6bda0\"},\"headline\":\"Estr\u00e9s y eustr\u00e9s: 2 variantes sobre la salud mental en el trabajo\",\"datePublished\":\"2023-02-03T16:44:03+00:00\",\"dateModified\":\"2024-01-02T15:34:51+00:00\",\"mainEntityOfPage\":{\"@id\":\"https:\/\/forhuman.mx\/blog\/estres-y-eustres-2-variantes-sobre-la-salud-mental-en-el-trabajo\/\"},\"wordCount\":372,\"publisher\":{\"@id\":\"https:\/\/forhuman.mx\/blog\/#organization\"},\"image\":{\"@id\":\"https:\/\/forhuman.mx\/blog\/estres-y-eustres-2-variantes-sobre-la-salud-mental-en-el-trabajo\/#primaryimage\"},\"thumbnailUrl\":\"https:\/\/i0.wp.com\/forhuman.mx\/blog\/wp-content\/uploads\/2023\/02\/Estres-y-eustres-2-variantes-sobre-la-salud-mental-en-el-trabajo.png?fit=780%2C410&ssl=1\",\"keywords\":[\"Capital Humano\",\"Estres\",\"Forhuman\",\"Salud mental\"],\"articleSection\":[\"Capital Humano\"],\"inLanguage\":\"es\"},{\"@type\":\"WebPage\",\"@id\":\"https:\/\/forhuman.mx\/blog\/estres-y-eustres-2-variantes-sobre-la-salud-mental-en-el-trabajo\/\",\"url\":\"https:\/\/forhuman.mx\/blog\/estres-y-eustres-2-variantes-sobre-la-salud-mental-en-el-trabajo\/\",\"name\":\"Estr\u00e9s y eustr\u00e9s: 2 variantes sobre la salud mental en el trabajo\",\"isPartOf\":{\"@id\":\"https:\/\/forhuman.mx\/blog\/#website\"},\"primaryImageOfPage\":{\"@id\":\"https:\/\/forhuman.mx\/blog\/estres-y-eustres-2-variantes-sobre-la-salud-mental-en-el-trabajo\/#primaryimage\"},\"image\":{\"@id\":\"https:\/\/forhuman.mx\/blog\/estres-y-eustres-2-variantes-sobre-la-salud-mental-en-el-trabajo\/#primaryimage\"},\"thumbnailUrl\":\"https:\/\/i0.wp.com\/forhuman.mx\/blog\/wp-content\/uploads\/2023\/02\/Estres-y-eustres-2-variantes-sobre-la-salud-mental-en-el-trabajo.png?fit=780%2C410&ssl=1\",\"datePublished\":\"2023-02-03T16:44:03+00:00\",\"dateModified\":\"2024-01-02T15:34:51+00:00\",\"description\":\"Uno de los factores del bajo rendimiento en una empresa es el estr\u00e9s. Descubre las variantes del estr\u00e9s y su repercusi\u00f3n en el trabajo.\",\"breadcrumb\":{\"@id\":\"https:\/\/forhuman.mx\/blog\/estres-y-eustres-2-variantes-sobre-la-salud-mental-en-el-trabajo\/#breadcrumb\"},\"inLanguage\":\"es\",\"potentialAction\":[{\"@type\":\"ReadAction\",\"target\":[\"https:\/\/forhuman.mx\/blog\/estres-y-eustres-2-variantes-sobre-la-salud-mental-en-el-trabajo\/\"]}]},{\"@type\":\"ImageObject\",\"inLanguage\":\"es\",\"@id\":\"https:\/\/forhuman.mx\/blog\/estres-y-eustres-2-variantes-sobre-la-salud-mental-en-el-trabajo\/#primaryimage\",\"url\":\"https:\/\/i0.wp.com\/forhuman.mx\/blog\/wp-content\/uploads\/2023\/02\/Estres-y-eustres-2-variantes-sobre-la-salud-mental-en-el-trabajo.png?fit=780%2C410&ssl=1\",\"contentUrl\":\"https:\/\/i0.wp.com\/forhuman.mx\/blog\/wp-content\/uploads\/2023\/02\/Estres-y-eustres-2-variantes-sobre-la-salud-mental-en-el-trabajo.png?fit=780%2C410&ssl=1\",\"width\":780,\"height\":410},{\"@type\":\"BreadcrumbList\",\"@id\":\"https:\/\/forhuman.mx\/blog\/estres-y-eustres-2-variantes-sobre-la-salud-mental-en-el-trabajo\/#breadcrumb\",\"itemListElement\":[{\"@type\":\"ListItem\",\"position\":1,\"name\":\"Portada\",\"item\":\"https:\/\/forhuman.mx\/blog\/\"},{\"@type\":\"ListItem\",\"position\":2,\"name\":\"Estr\u00e9s y eustr\u00e9s: 2 variantes sobre la salud mental en el trabajo\"}]},{\"@type\":\"WebSite\",\"@id\":\"https:\/\/forhuman.mx\/blog\/#website\",\"url\":\"https:\/\/forhuman.mx\/blog\/\",\"name\":\"Forhuman Blog\",\"description\":\"Reclutamos y seleccionamos talento para las empresas, contribuyendo a su humanizaci\u00f3n mediante nuestros servicios especializados, de estructura y defensa legal laboral.\",\"publisher\":{\"@id\":\"https:\/\/forhuman.mx\/blog\/#organization\"},\"potentialAction\":[{\"@type\":\"SearchAction\",\"target\":{\"@type\":\"EntryPoint\",\"urlTemplate\":\"https:\/\/forhuman.mx\/blog\/?s={search_term_string}\"},\"query-input\":{\"@type\":\"PropertyValueSpecification\",\"valueRequired\":true,\"valueName\":\"search_term_string\"}}],\"inLanguage\":\"es\"},{\"@type\":\"Organization\",\"@id\":\"https:\/\/forhuman.mx\/blog\/#organization\",\"name\":\"Forhuman Blog\",\"url\":\"https:\/\/forhuman.mx\/blog\/\",\"logo\":{\"@type\":\"ImageObject\",\"inLanguage\":\"es\",\"@id\":\"https:\/\/forhuman.mx\/blog\/#\/schema\/logo\/image\/\",\"url\":\"https:\/\/i0.wp.com\/forhuman.mx\/blog\/wp-content\/uploads\/2023\/08\/logo.png?fit=571%2C110&ssl=1\",\"contentUrl\":\"https:\/\/i0.wp.com\/forhuman.mx\/blog\/wp-content\/uploads\/2023\/08\/logo.png?fit=571%2C110&ssl=1\",\"width\":571,\"height\":110,\"caption\":\"Forhuman Blog\"},\"image\":{\"@id\":\"https:\/\/forhuman.mx\/blog\/#\/schema\/logo\/image\/\"}},{\"@type\":\"Person\",\"@id\":\"https:\/\/forhuman.mx\/blog\/#\/schema\/person\/851f2ffcb147a58cc67286c04fb6bda0\",\"name\":\"FORHUMAN\",\"image\":{\"@type\":\"ImageObject\",\"inLanguage\":\"es\",\"@id\":\"https:\/\/forhuman.mx\/blog\/#\/schema\/person\/image\/\",\"url\":\"https:\/\/i0.wp.com\/forhuman.mx\/blog\/wp-content\/uploads\/2023\/08\/logo-cuadrado-fondo-negro.png?fit=96%2C87&#038;ssl=1\",\"contentUrl\":\"https:\/\/i0.wp.com\/forhuman.mx\/blog\/wp-content\/uploads\/2023\/08\/logo-cuadrado-fondo-negro.png?fit=96%2C87&#038;ssl=1\",\"caption\":\"FORHUMAN\"},\"description\":\"Reclutamos y seleccionamos talento para las empresas, contribuyendo a su humanizaci\u00f3n mediante nuestros servicios especializados, de estructura y defensa legal laboral.\",\"sameAs\":[\"https:\/\/forhuman.mx\",\"facebook.com\/forhumanmx\",\"instagram.com\/forhumanmx\/\",\"linkedin.com\/company\/forhuman\/\",\"https:\/\/youtube.com\/channel\/UCJwyZnzZ9PNvOhl4siylFGQ\"],\"url\":\"https:\/\/forhuman.mx\/blog\/author\/forhumanmkt\/\"}]}<\/script>\n<!-- \/ Yoast SEO plugin. -->","yoast_head_json":{"title":"Estr\u00e9s y eustr\u00e9s: 2 variantes sobre la salud mental en el trabajo","description":"Uno de los factores del bajo rendimiento en una empresa es el estr\u00e9s. Descubre las variantes del estr\u00e9s y su repercusi\u00f3n en el trabajo.","robots":{"index":"index","follow":"follow","max-snippet":"max-snippet:-1","max-image-preview":"max-image-preview:large","max-video-preview":"max-video-preview:-1"},"canonical":"https:\/\/forhuman.mx\/blog\/estres-y-eustres-2-variantes-sobre-la-salud-mental-en-el-trabajo\/","og_locale":"es_ES","og_type":"article","og_title":"Estr\u00e9s y eustr\u00e9s: 2 variantes sobre la salud mental en el trabajo","og_description":"Uno de los factores del bajo rendimiento en una empresa es el estr\u00e9s. Descubre las variantes del estr\u00e9s y su repercusi\u00f3n en el trabajo.","og_url":"https:\/\/forhuman.mx\/blog\/estres-y-eustres-2-variantes-sobre-la-salud-mental-en-el-trabajo\/","og_site_name":"Forhuman Blog","article_author":"facebook.com\/forhumanmx","article_published_time":"2023-02-03T16:44:03+00:00","article_modified_time":"2024-01-02T15:34:51+00:00","og_image":[{"width":780,"height":410,"url":"https:\/\/forhuman.mx\/blog\/wp-content\/uploads\/2023\/02\/Estres-y-eustres-2-variantes-sobre-la-salud-mental-en-el-trabajo.png","type":"image\/png"}],"author":"FORHUMAN","twitter_card":"summary_large_image","twitter_misc":{"Escrito por":"FORHUMAN","Tiempo de lectura":"2 minutos"},"schema":{"@context":"https:\/\/schema.org","@graph":[{"@type":"Article","@id":"https:\/\/forhuman.mx\/blog\/estres-y-eustres-2-variantes-sobre-la-salud-mental-en-el-trabajo\/#article","isPartOf":{"@id":"https:\/\/forhuman.mx\/blog\/estres-y-eustres-2-variantes-sobre-la-salud-mental-en-el-trabajo\/"},"author":{"name":"FORHUMAN","@id":"https:\/\/forhuman.mx\/blog\/#\/schema\/person\/851f2ffcb147a58cc67286c04fb6bda0"},"headline":"Estr\u00e9s y eustr\u00e9s: 2 variantes sobre la salud mental en el trabajo","datePublished":"2023-02-03T16:44:03+00:00","dateModified":"2024-01-02T15:34:51+00:00","mainEntityOfPage":{"@id":"https:\/\/forhuman.mx\/blog\/estres-y-eustres-2-variantes-sobre-la-salud-mental-en-el-trabajo\/"},"wordCount":372,"publisher":{"@id":"https:\/\/forhuman.mx\/blog\/#organization"},"image":{"@id":"https:\/\/forhuman.mx\/blog\/estres-y-eustres-2-variantes-sobre-la-salud-mental-en-el-trabajo\/#primaryimage"},"thumbnailUrl":"https:\/\/i0.wp.com\/forhuman.mx\/blog\/wp-content\/uploads\/2023\/02\/Estres-y-eustres-2-variantes-sobre-la-salud-mental-en-el-trabajo.png?fit=780%2C410&ssl=1","keywords":["Capital Humano","Estres","Forhuman","Salud mental"],"articleSection":["Capital Humano"],"inLanguage":"es"},{"@type":"WebPage","@id":"https:\/\/forhuman.mx\/blog\/estres-y-eustres-2-variantes-sobre-la-salud-mental-en-el-trabajo\/","url":"https:\/\/forhuman.mx\/blog\/estres-y-eustres-2-variantes-sobre-la-salud-mental-en-el-trabajo\/","name":"Estr\u00e9s y eustr\u00e9s: 2 variantes sobre la salud mental en el trabajo","isPartOf":{"@id":"https:\/\/forhuman.mx\/blog\/#website"},"primaryImageOfPage":{"@id":"https:\/\/forhuman.mx\/blog\/estres-y-eustres-2-variantes-sobre-la-salud-mental-en-el-trabajo\/#primaryimage"},"image":{"@id":"https:\/\/forhuman.mx\/blog\/estres-y-eustres-2-variantes-sobre-la-salud-mental-en-el-trabajo\/#primaryimage"},"thumbnailUrl":"https:\/\/i0.wp.com\/forhuman.mx\/blog\/wp-content\/uploads\/2023\/02\/Estres-y-eustres-2-variantes-sobre-la-salud-mental-en-el-trabajo.png?fit=780%2C410&ssl=1","datePublished":"2023-02-03T16:44:03+00:00","dateModified":"2024-01-02T15:34:51+00:00","description":"Uno de los factores del bajo rendimiento en una empresa es el estr\u00e9s. Descubre las variantes del estr\u00e9s y su repercusi\u00f3n en el trabajo.","breadcrumb":{"@id":"https:\/\/forhuman.mx\/blog\/estres-y-eustres-2-variantes-sobre-la-salud-mental-en-el-trabajo\/#breadcrumb"},"inLanguage":"es","potentialAction":[{"@type":"ReadAction","target":["https:\/\/forhuman.mx\/blog\/estres-y-eustres-2-variantes-sobre-la-salud-mental-en-el-trabajo\/"]}]},{"@type":"ImageObject","inLanguage":"es","@id":"https:\/\/forhuman.mx\/blog\/estres-y-eustres-2-variantes-sobre-la-salud-mental-en-el-trabajo\/#primaryimage","url":"https:\/\/i0.wp.com\/forhuman.mx\/blog\/wp-content\/uploads\/2023\/02\/Estres-y-eustres-2-variantes-sobre-la-salud-mental-en-el-trabajo.png?fit=780%2C410&ssl=1","contentUrl":"https:\/\/i0.wp.com\/forhuman.mx\/blog\/wp-content\/uploads\/2023\/02\/Estres-y-eustres-2-variantes-sobre-la-salud-mental-en-el-trabajo.png?fit=780%2C410&ssl=1","width":780,"height":410},{"@type":"BreadcrumbList","@id":"https:\/\/forhuman.mx\/blog\/estres-y-eustres-2-variantes-sobre-la-salud-mental-en-el-trabajo\/#breadcrumb","itemListElement":[{"@type":"ListItem","position":1,"name":"Portada","item":"https:\/\/forhuman.mx\/blog\/"},{"@type":"ListItem","position":2,"name":"Estr\u00e9s y eustr\u00e9s: 2 variantes sobre la salud mental en el trabajo"}]},{"@type":"WebSite","@id":"https:\/\/forhuman.mx\/blog\/#website","url":"https:\/\/forhuman.mx\/blog\/","name":"Forhuman Blog","description":"Reclutamos y seleccionamos talento para las empresas, contribuyendo a su humanizaci\u00f3n mediante nuestros servicios especializados, de estructura y defensa legal laboral.","publisher":{"@id":"https:\/\/forhuman.mx\/blog\/#organization"},"potentialAction":[{"@type":"SearchAction","target":{"@type":"EntryPoint","urlTemplate":"https:\/\/forhuman.mx\/blog\/?s={search_term_string}"},"query-input":{"@type":"PropertyValueSpecification","valueRequired":true,"valueName":"search_term_string"}}],"inLanguage":"es"},{"@type":"Organization","@id":"https:\/\/forhuman.mx\/blog\/#organization","name":"Forhuman Blog","url":"https:\/\/forhuman.mx\/blog\/","logo":{"@type":"ImageObject","inLanguage":"es","@id":"https:\/\/forhuman.mx\/blog\/#\/schema\/logo\/image\/","url":"https:\/\/i0.wp.com\/forhuman.mx\/blog\/wp-content\/uploads\/2023\/08\/logo.png?fit=571%2C110&ssl=1","contentUrl":"https:\/\/i0.wp.com\/forhuman.mx\/blog\/wp-content\/uploads\/2023\/08\/logo.png?fit=571%2C110&ssl=1","width":571,"height":110,"caption":"Forhuman Blog"},"image":{"@id":"https:\/\/forhuman.mx\/blog\/#\/schema\/logo\/image\/"}},{"@type":"Person","@id":"https:\/\/forhuman.mx\/blog\/#\/schema\/person\/851f2ffcb147a58cc67286c04fb6bda0","name":"FORHUMAN","image":{"@type":"ImageObject","inLanguage":"es","@id":"https:\/\/forhuman.mx\/blog\/#\/schema\/person\/image\/","url":"https:\/\/i0.wp.com\/forhuman.mx\/blog\/wp-content\/uploads\/2023\/08\/logo-cuadrado-fondo-negro.png?fit=96%2C87&#038;ssl=1","contentUrl":"https:\/\/i0.wp.com\/forhuman.mx\/blog\/wp-content\/uploads\/2023\/08\/logo-cuadrado-fondo-negro.png?fit=96%2C87&#038;ssl=1","caption":"FORHUMAN"},"description":"Reclutamos y seleccionamos talento para las empresas, contribuyendo a su humanizaci\u00f3n mediante nuestros servicios especializados, de estructura y defensa legal laboral.","sameAs":["https:\/\/forhuman.mx","facebook.com\/forhumanmx","instagram.com\/forhumanmx\/","linkedin.com\/company\/forhuman\/","https:\/\/youtube.com\/channel\/UCJwyZnzZ9PNvOhl4siylFGQ"],"url":"https:\/\/forhuman.mx\/blog\/author\/forhumanmkt\/"}]}},"jetpack_featured_media_url":"https:\/\/i0.wp.com\/forhuman.mx\/blog\/wp-content\/uploads\/2023\/02\/Estres-y-eustres-2-variantes-sobre-la-salud-mental-en-el-trabajo.png?fit=780%2C410&ssl=1","jetpack_sharing_enabled":true,"jetpack-related-posts":[{"id":245,"url":"https:\/\/forhuman.mx\/blog\/como-prevenir-el-estres-laboral\/","url_meta":{"origin":253,"position":0},"title":"\u00bfC\u00f3mo prevenir el estr\u00e9s laboral?","author":"FORHUMAN","date":"3 de febrero de 2023","format":false,"excerpt":"Un ambiente laboral con un nivel bajo de estr\u00e9s presenta un incremento en la productividad general, por lo cual encontrar maneras y estrategias para prevenir el estr\u00e9s pueden sen factores significativos en una mejora de la empresa u organizaci\u00f3n. Estrategias para prevenir el estr\u00e9s laboral Una de las principales estrategias\u2026","rel":"","context":"En \u00abCapital Humano\u00bb","block_context":{"text":"Capital Humano","link":"https:\/\/forhuman.mx\/blog\/category\/capital-humano\/"},"img":{"alt_text":"","src":"https:\/\/i0.wp.com\/forhuman.mx\/blog\/wp-content\/uploads\/2023\/02\/Como-prevenir-el-estres-laboral.png?fit=780%2C410&ssl=1&resize=350%2C200","width":350,"height":200,"srcset":"https:\/\/i0.wp.com\/forhuman.mx\/blog\/wp-content\/uploads\/2023\/02\/Como-prevenir-el-estres-laboral.png?fit=780%2C410&ssl=1&resize=350%2C200 1x, https:\/\/i0.wp.com\/forhuman.mx\/blog\/wp-content\/uploads\/2023\/02\/Como-prevenir-el-estres-laboral.png?fit=780%2C410&ssl=1&resize=525%2C300 1.5x, https:\/\/i0.wp.com\/forhuman.mx\/blog\/wp-content\/uploads\/2023\/02\/Como-prevenir-el-estres-laboral.png?fit=780%2C410&ssl=1&resize=700%2C400 2x"},"classes":[]},{"id":251,"url":"https:\/\/forhuman.mx\/blog\/causas-de-estres-en-el-trabajo\/","url_meta":{"origin":253,"position":1},"title":"Causas de estr\u00e9s en el trabajo","author":"FORHUMAN","date":"3 de febrero de 2023","format":false,"excerpt":"Existen diferentes causas y motivos que pueden generar estr\u00e9s en el trabajo, causando un bajo rendimiento laboral. Detectarlas y encontrar formas de disminuirlas o erradicarlas es fundamental para generar una optimizaci\u00f3n dentro del equipo de colaboradores, en este blog hablaremos de las principales causas de estr\u00e9s para detectarlas. La imposibilidad\u2026","rel":"","context":"En \u00abCapital Humano\u00bb","block_context":{"text":"Capital Humano","link":"https:\/\/forhuman.mx\/blog\/category\/capital-humano\/"},"img":{"alt_text":"","src":"https:\/\/i0.wp.com\/forhuman.mx\/blog\/wp-content\/uploads\/2023\/02\/Causas-de-estres-en-el-trabajo.png?fit=780%2C410&ssl=1&resize=350%2C200","width":350,"height":200,"srcset":"https:\/\/i0.wp.com\/forhuman.mx\/blog\/wp-content\/uploads\/2023\/02\/Causas-de-estres-en-el-trabajo.png?fit=780%2C410&ssl=1&resize=350%2C200 1x, https:\/\/i0.wp.com\/forhuman.mx\/blog\/wp-content\/uploads\/2023\/02\/Causas-de-estres-en-el-trabajo.png?fit=780%2C410&ssl=1&resize=525%2C300 1.5x, https:\/\/i0.wp.com\/forhuman.mx\/blog\/wp-content\/uploads\/2023\/02\/Causas-de-estres-en-el-trabajo.png?fit=780%2C410&ssl=1&resize=700%2C400 2x"},"classes":[]},{"id":247,"url":"https:\/\/forhuman.mx\/blog\/sintomas-y-consecuencias-del-estres-laboral\/","url_meta":{"origin":253,"position":2},"title":"S\u00edntomas y consecuencias del estr\u00e9s laboral","author":"FORHUMAN","date":"3 de febrero de 2023","format":false,"excerpt":"El estr\u00e9s tiene diferentes consecuencias y repercusiones dentro de los miembros de una empresa, en la mayor\u00eda de los casos de esencia negativa, por lo cual el detectar los s\u00edntomas del estr\u00e9s en tus empleados puede ser un gran acierto para evitar consecuencias graves a largo plazo. \u00bfCu\u00e1les son los\u2026","rel":"","context":"En \u00abCapital Humano\u00bb","block_context":{"text":"Capital Humano","link":"https:\/\/forhuman.mx\/blog\/category\/capital-humano\/"},"img":{"alt_text":"","src":"https:\/\/i0.wp.com\/forhuman.mx\/blog\/wp-content\/uploads\/2023\/02\/Sintomas-y-consecuencias-del-estres-laboral.png?fit=780%2C410&ssl=1&resize=350%2C200","width":350,"height":200,"srcset":"https:\/\/i0.wp.com\/forhuman.mx\/blog\/wp-content\/uploads\/2023\/02\/Sintomas-y-consecuencias-del-estres-laboral.png?fit=780%2C410&ssl=1&resize=350%2C200 1x, https:\/\/i0.wp.com\/forhuman.mx\/blog\/wp-content\/uploads\/2023\/02\/Sintomas-y-consecuencias-del-estres-laboral.png?fit=780%2C410&ssl=1&resize=525%2C300 1.5x, https:\/\/i0.wp.com\/forhuman.mx\/blog\/wp-content\/uploads\/2023\/02\/Sintomas-y-consecuencias-del-estres-laboral.png?fit=780%2C410&ssl=1&resize=700%2C400 2x"},"classes":[]},{"id":43,"url":"https:\/\/forhuman.mx\/blog\/sindrome-de-burnout-que-es-y-cuales-son-las-causas\/","url_meta":{"origin":253,"position":3},"title":"S\u00edndrome de Burnout \u00bfQu\u00e9 es y cu\u00e1les son las causas?","author":"FORHUMAN","date":"9 de junio de 2023","format":false,"excerpt":"Manifestar agotamiento y cansancio despu\u00e9s de la jornada laboral es algo t\u00edpico, pues utilizamos nuestra energ\u00eda para rendir en las tareas cotidianas, pero cuando se manifiesta de manera prolongada, acompa\u00f1ado de la perdida de inter\u00e9s en el trabajo, reacciones psicol\u00f3gicas negativas y otros s\u00edntomas podr\u00eda tratarse del S\u00edndrome de Burnout.\u2026","rel":"","context":"En \u00abCapital Humano\u00bb","block_context":{"text":"Capital Humano","link":"https:\/\/forhuman.mx\/blog\/category\/capital-humano\/"},"img":{"alt_text":"","src":"https:\/\/i0.wp.com\/forhuman.mx\/blog\/wp-content\/uploads\/2023\/06\/Sindrome-de-Burnout-%C2%BFQue-es-y-cuales-son-las-causas-1-1.png?fit=1200%2C675&ssl=1&resize=350%2C200","width":350,"height":200,"srcset":"https:\/\/i0.wp.com\/forhuman.mx\/blog\/wp-content\/uploads\/2023\/06\/Sindrome-de-Burnout-%C2%BFQue-es-y-cuales-son-las-causas-1-1.png?fit=1200%2C675&ssl=1&resize=350%2C200 1x, https:\/\/i0.wp.com\/forhuman.mx\/blog\/wp-content\/uploads\/2023\/06\/Sindrome-de-Burnout-%C2%BFQue-es-y-cuales-son-las-causas-1-1.png?fit=1200%2C675&ssl=1&resize=525%2C300 1.5x, https:\/\/i0.wp.com\/forhuman.mx\/blog\/wp-content\/uploads\/2023\/06\/Sindrome-de-Burnout-%C2%BFQue-es-y-cuales-son-las-causas-1-1.png?fit=1200%2C675&ssl=1&resize=700%2C400 2x, https:\/\/i0.wp.com\/forhuman.mx\/blog\/wp-content\/uploads\/2023\/06\/Sindrome-de-Burnout-%C2%BFQue-es-y-cuales-son-las-causas-1-1.png?fit=1200%2C675&ssl=1&resize=1050%2C600 3x"},"classes":[]},{"id":147,"url":"https:\/\/forhuman.mx\/blog\/maneras-de-implementar-la-flexibilidad-laboral-en-tu-negocio\/","url_meta":{"origin":253,"position":4},"title":"Maneras de implementar la flexibilidad laboral en tu negocio.","author":"FORHUMAN","date":"7 de febrero de 2023","format":false,"excerpt":"Con los cambios recientes que ha tra\u00eddo la pandemia dentro de las formas de trabajo, como el teletrabajo y las distintas maneras que surgieron tras el trabajar desde casa, han contribuido a que las empresas empleen nuevas formas de gestionar a sus empleados. En este blog te presentamos las maneras\u2026","rel":"","context":"En \u00abCapital Humano\u00bb","block_context":{"text":"Capital Humano","link":"https:\/\/forhuman.mx\/blog\/category\/capital-humano\/"},"img":{"alt_text":"","src":"https:\/\/i0.wp.com\/forhuman.mx\/blog\/wp-content\/uploads\/2023\/02\/Maneras-de-implementar-la-flexibilidad-laboral-en-tu-negocio.png?fit=1200%2C675&ssl=1&resize=350%2C200","width":350,"height":200,"srcset":"https:\/\/i0.wp.com\/forhuman.mx\/blog\/wp-content\/uploads\/2023\/02\/Maneras-de-implementar-la-flexibilidad-laboral-en-tu-negocio.png?fit=1200%2C675&ssl=1&resize=350%2C200 1x, https:\/\/i0.wp.com\/forhuman.mx\/blog\/wp-content\/uploads\/2023\/02\/Maneras-de-implementar-la-flexibilidad-laboral-en-tu-negocio.png?fit=1200%2C675&ssl=1&resize=525%2C300 1.5x, https:\/\/i0.wp.com\/forhuman.mx\/blog\/wp-content\/uploads\/2023\/02\/Maneras-de-implementar-la-flexibilidad-laboral-en-tu-negocio.png?fit=1200%2C675&ssl=1&resize=700%2C400 2x, https:\/\/i0.wp.com\/forhuman.mx\/blog\/wp-content\/uploads\/2023\/02\/Maneras-de-implementar-la-flexibilidad-laboral-en-tu-negocio.png?fit=1200%2C675&ssl=1&resize=1050%2C600 3x"},"classes":[]},{"id":149,"url":"https:\/\/forhuman.mx\/blog\/salario-emocional-los-beneficios-que-tiene-para-tu-empresa\/","url_meta":{"origin":253,"position":5},"title":"Salario emocional: Los beneficios que tiene para tu empresa","author":"FORHUMAN","date":"7 de febrero de 2023","format":false,"excerpt":"Hoy en d\u00eda, con los constantes cambios dentro de las organizaciones, muchos aspirantes a empleados toman diferentes factores antes de decidir ingresar a una organizaci\u00f3n, ya no solo priorizan el monto que percibir\u00e1n en su salario, sino que los valores y el clima tambi\u00e9n influyen. \u00bfQu\u00e9 es el salario emocional?\u2026","rel":"","context":"En \u00abCapital Humano\u00bb","block_context":{"text":"Capital Humano","link":"https:\/\/forhuman.mx\/blog\/category\/capital-humano\/"},"img":{"alt_text":"","src":"https:\/\/i0.wp.com\/forhuman.mx\/blog\/wp-content\/uploads\/2023\/02\/Salario-emocional-Los-beneficios-que-tiene-para-tu-empresa.png?fit=1200%2C675&ssl=1&resize=350%2C200","width":350,"height":200,"srcset":"https:\/\/i0.wp.com\/forhuman.mx\/blog\/wp-content\/uploads\/2023\/02\/Salario-emocional-Los-beneficios-que-tiene-para-tu-empresa.png?fit=1200%2C675&ssl=1&resize=350%2C200 1x, https:\/\/i0.wp.com\/forhuman.mx\/blog\/wp-content\/uploads\/2023\/02\/Salario-emocional-Los-beneficios-que-tiene-para-tu-empresa.png?fit=1200%2C675&ssl=1&resize=525%2C300 1.5x, https:\/\/i0.wp.com\/forhuman.mx\/blog\/wp-content\/uploads\/2023\/02\/Salario-emocional-Los-beneficios-que-tiene-para-tu-empresa.png?fit=1200%2C675&ssl=1&resize=700%2C400 2x, https:\/\/i0.wp.com\/forhuman.mx\/blog\/wp-content\/uploads\/2023\/02\/Salario-emocional-Los-beneficios-que-tiene-para-tu-empresa.png?fit=1200%2C675&ssl=1&resize=1050%2C600 3x"},"classes":[]}],"_links":{"self":[{"href":"https:\/\/forhuman.mx\/blog\/wp-json\/wp\/v2\/posts\/253","targetHints":{"allow":["GET"]}}],"collection":[{"href":"https:\/\/forhuman.mx\/blog\/wp-json\/wp\/v2\/posts"}],"about":[{"href":"https:\/\/forhuman.mx\/blog\/wp-json\/wp\/v2\/types\/post"}],"author":[{"embeddable":true,"href":"https:\/\/forhuman.mx\/blog\/wp-json\/wp\/v2\/users\/1"}],"replies":[{"embeddable":true,"href":"https:\/\/forhuman.mx\/blog\/wp-json\/wp\/v2\/comments?post=253"}],"version-history":[{"count":1,"href":"https:\/\/forhuman.mx\/blog\/wp-json\/wp\/v2\/posts\/253\/revisions"}],"predecessor-version":[{"id":550,"href":"https:\/\/forhuman.mx\/blog\/wp-json\/wp\/v2\/posts\/253\/revisions\/550"}],"wp:featuredmedia":[{"embeddable":true,"href":"https:\/\/forhuman.mx\/blog\/wp-json\/wp\/v2\/media\/254"}],"wp:attachment":[{"href":"https:\/\/forhuman.mx\/blog\/wp-json\/wp\/v2\/media?parent=253"}],"wp:term":[{"taxonomy":"category","embeddable":true,"href":"https:\/\/forhuman.mx\/blog\/wp-json\/wp\/v2\/categories?post=253"},{"taxonomy":"post_tag","embeddable":true,"href":"https:\/\/forhuman.mx\/blog\/wp-json\/wp\/v2\/tags?post=253"}],"curies":[{"name":"wp","href":"https:\/\/api.w.org\/{rel}","templated":true}]}}