{"id":43,"date":"2023-06-09T17:28:11","date_gmt":"2023-06-09T15:28:11","guid":{"rendered":"https:\/\/forhuman.mx\/blog\/?p=4203"},"modified":"2024-01-02T09:33:50","modified_gmt":"2024-01-02T15:33:50","slug":"sindrome-de-burnout-que-es-y-cuales-son-las-causas","status":"publish","type":"post","link":"https:\/\/forhuman.mx\/blog\/sindrome-de-burnout-que-es-y-cuales-son-las-causas\/","title":{"rendered":"<strong>S\u00edndrome de Burnout \u00bfQu\u00e9 es y cu\u00e1les son las causas?<\/strong>"},"content":{"rendered":"\n<p>Manifestar agotamiento y cansancio despu\u00e9s de la jornada laboral es algo t\u00edpico, pues utilizamos nuestra energ\u00eda para rendir en las tareas cotidianas, pero cuando se manifiesta de manera prolongada, acompa\u00f1ado de la perdida de inter\u00e9s en el trabajo, reacciones psicol\u00f3gicas negativas y otros s\u00edntomas podr\u00eda tratarse del S\u00edndrome de Burnout.<\/p>\n\n\n\n<h2 class=\"wp-block-heading\"><strong>\u00bfQu\u00e9 es el Burnout?<\/strong><\/h2>\n\n\n\n<p>El S\u00edndrome de Burnout laboral, o s\u00edndrome del quemado, es un estado de agotamiento f\u00edsico, emocional y mental generalizado derivado del \u00e1mbito laboral. En otras palabras, es un estr\u00e9s prolongado causado por el trabajo y el estilo de vida del trabajador. Generalmente, se presenta en personas que se desarrollan trabajos relacionados con el trato al p\u00fablico y clientes, sin embargo, tambi\u00e9n es muy frecuente en ambientes laborales con exceso de tensi\u00f3n.<\/p>\n\n\n\n<p><em>Te puede interesar: <a href=\"https:\/\/forhuman.mx\/blog\/6-formas-de-organizar-tus-tareas-laborales\/\">6 formas de organizar tus tareas laborales &#8211; Forhuman<\/a><\/em><\/p>\n\n\n\n<h2 class=\"wp-block-heading\"><strong>\u00bfCu\u00e1les son los S\u00edntomas del s\u00edndrome de Burnout?<\/strong><\/h2>\n\n\n\n<p>Este s\u00edndrome puede manifestarse en trastornos f\u00edsicos y psicol\u00f3gicos. Los m\u00e1s recurrentes son el agotamiento f\u00edsico y mental, dolores de cabeza o musculares y problemas gastrointestinales. Adicional a estos s\u00edntomas se puede encontrar el rechazo hacia el propio rol profesional, sentimientos y actitudes negativas hacia los compa\u00f1eros del trabajo, haciendo a\u00fan m\u00e1s tenso el ambiente laboral. S\u00edntomas m\u00e1s graves, como la depresi\u00f3n, ansiedad e insomnio, pueden tener un impacto mayor, derivando en la falta de motivaci\u00f3n, descenso de la productividad y ausencia de realizaci\u00f3n del trabajo.<\/p>\n\n\n\n<figure class=\"wp-block-image size-large\"><img data-recalc-dims=\"1\" height=\"454\" width=\"1024\" decoding=\"async\" src=\"https:\/\/i0.wp.com\/forhuman.mx\/blog\/wp-content\/uploads\/2023\/06\/Sindrome-de-Burnout-%C2%BFQue-es-y-cuales-son-las-causas-1.png?resize=1024%2C454&#038;ssl=1\" alt=\"\" class=\"wp-image-4204\"\/><\/figure>\n\n\n\n<h2 class=\"wp-block-heading\"><strong>Y\u2026 \u00bfCu\u00e1les son las causas?<\/strong><\/h2>\n\n\n\n<p>Adem\u00e1s del estr\u00e9s, se ven involucradas m\u00faltiples causas como el aburrimiento, crisis en el desarrollo de la carrera profesional, pobres condiciones econ\u00f3micas, sobrecarga laboral, falta de estimulaci\u00f3n, monoton\u00eda y aislamiento.<\/p>\n\n\n\n<p>Cabe destacar que encontramos factores de riesgo que te pueden hacer susceptible a este padecimiento:<\/p>\n\n\n\n<ul class=\"wp-block-list\">\n<li>Componentes personales: trasfondo familiar, personalidad extremadamente competitiva, personas impacientes, hiperoxigenes y perfeccionistas,<\/li>\n\n\n\n<li>Factores laborales: inadecuada formaci\u00f3n profesional, falta de aprendizaje, sobrecarga de trabajo, bajo salario, mala organizaci\u00f3n laboral.<\/li>\n\n\n\n<li>Factores ambientales: cambios significativos en la etapa de la vida, como fallecimiento de un familiar, matrimonio, divorcio, etc.<\/li>\n<\/ul>\n\n\n\n<p>Es importante tomar medidas para prevenir y tratar el S\u00edndrome de Burnout, ya que puede tener un impacto negativo en la salud y el desempe\u00f1o laboral de las personas afectadas, si presentas algunos de estos s\u00edntomas, ac\u00e9rcate a un profesional.<\/p>\n\n\n\n<p>Tambi\u00e9n queremos recordarte que en FORHUMAN contamos con servicios que pueden hacer tu empresa m\u00e1s humana, si te interesa conocer m\u00e1s no dudes en enviarnos un mensaje. \u00a1S\u00edguenos en <a href=\"https:\/\/linktr.ee\/forhumanmx\">redes sociales<\/a>!<\/p>\n","protected":false},"excerpt":{"rendered":"<p>Manifestar agotamiento y cansancio despu\u00e9s de la jornada laboral es algo t\u00edpico, pues utilizamos nuestra energ\u00eda para rendir en las tareas cotidianas, pero cuando se manifiesta de manera prolongada, acompa\u00f1ado de la perdida de inter\u00e9s en el trabajo, reacciones psicol\u00f3gicas negativas y otros s\u00edntomas podr\u00eda tratarse del S\u00edndrome de Burnout. \u00bfQu\u00e9 es el Burnout? El [&hellip;]<\/p>\n","protected":false},"author":1,"featured_media":44,"comment_status":"closed","ping_status":"open","sticky":false,"template":"","format":"standard","meta":{"_jetpack_memberships_contains_paid_content":false,"footnotes":""},"categories":[3],"tags":[16,4,11,15],"class_list":["post-43","post","type-post","status-publish","format-standard","has-post-thumbnail","hentry","category-capital-humano","tag-burnout","tag-capital-humano","tag-forhuman","tag-salud-mental"],"yoast_head":"<!-- This site is optimized with the Yoast SEO plugin v27.0 - https:\/\/yoast.com\/product\/yoast-seo-wordpress\/ -->\n<title>S\u00edndrome de Burnout \u00bfQu\u00e9 es y cu\u00e1les son las causas?<\/title>\n<meta name=\"description\" content=\"\u00bfEst\u00e1s agotado y perdiste inter\u00e9s en tu trabajo? \u00a1Esto es el Burnout! En este blog te contaremos de que trata y cu\u00e1les son las causas.\" \/>\n<meta name=\"robots\" content=\"index, follow, max-snippet:-1, max-image-preview:large, max-video-preview:-1\" \/>\n<link rel=\"canonical\" href=\"https:\/\/forhuman.mx\/blog\/sindrome-de-burnout-que-es-y-cuales-son-las-causas\/\" \/>\n<meta property=\"og:locale\" content=\"es_ES\" \/>\n<meta property=\"og:type\" content=\"article\" \/>\n<meta property=\"og:title\" content=\"S\u00edndrome de Burnout \u00bfQu\u00e9 es y cu\u00e1les son las causas?\" \/>\n<meta property=\"og:description\" content=\"\u00bfEst\u00e1s agotado y perdiste inter\u00e9s en tu trabajo? \u00a1Esto es el Burnout! En este blog te contaremos de que trata y cu\u00e1les son las causas.\" \/>\n<meta property=\"og:url\" content=\"https:\/\/forhuman.mx\/blog\/sindrome-de-burnout-que-es-y-cuales-son-las-causas\/\" \/>\n<meta property=\"og:site_name\" content=\"Forhuman Blog\" \/>\n<meta property=\"article:author\" content=\"facebook.com\/forhumanmx\" \/>\n<meta property=\"article:published_time\" content=\"2023-06-09T15:28:11+00:00\" \/>\n<meta property=\"article:modified_time\" content=\"2024-01-02T15:33:50+00:00\" \/>\n<meta property=\"og:image\" content=\"https:\/\/forhuman.mx\/blog\/wp-content\/uploads\/2023\/06\/Sindrome-de-Burnout-\u00bfQue-es-y-cuales-son-las-causas-1-1.png\" \/>\n\t<meta property=\"og:image:width\" content=\"1920\" \/>\n\t<meta property=\"og:image:height\" content=\"1080\" \/>\n\t<meta property=\"og:image:type\" content=\"image\/png\" \/>\n<meta name=\"author\" content=\"FORHUMAN\" \/>\n<meta name=\"twitter:card\" content=\"summary_large_image\" \/>\n<meta name=\"twitter:label1\" content=\"Escrito por\" \/>\n\t<meta name=\"twitter:data1\" content=\"FORHUMAN\" \/>\n\t<meta name=\"twitter:label2\" content=\"Tiempo de lectura\" \/>\n\t<meta name=\"twitter:data2\" content=\"3 minutos\" \/>\n<script type=\"application\/ld+json\" class=\"yoast-schema-graph\">{\"@context\":\"https:\/\/schema.org\",\"@graph\":[{\"@type\":\"Article\",\"@id\":\"https:\/\/forhuman.mx\/blog\/sindrome-de-burnout-que-es-y-cuales-son-las-causas\/#article\",\"isPartOf\":{\"@id\":\"https:\/\/forhuman.mx\/blog\/sindrome-de-burnout-que-es-y-cuales-son-las-causas\/\"},\"author\":{\"name\":\"FORHUMAN\",\"@id\":\"https:\/\/forhuman.mx\/blog\/#\/schema\/person\/851f2ffcb147a58cc67286c04fb6bda0\"},\"headline\":\"S\u00edndrome de Burnout \u00bfQu\u00e9 es y cu\u00e1les son las causas?\",\"datePublished\":\"2023-06-09T15:28:11+00:00\",\"dateModified\":\"2024-01-02T15:33:50+00:00\",\"mainEntityOfPage\":{\"@id\":\"https:\/\/forhuman.mx\/blog\/sindrome-de-burnout-que-es-y-cuales-son-las-causas\/\"},\"wordCount\":459,\"publisher\":{\"@id\":\"https:\/\/forhuman.mx\/blog\/#organization\"},\"image\":{\"@id\":\"https:\/\/forhuman.mx\/blog\/sindrome-de-burnout-que-es-y-cuales-son-las-causas\/#primaryimage\"},\"thumbnailUrl\":\"https:\/\/i0.wp.com\/forhuman.mx\/blog\/wp-content\/uploads\/2023\/06\/Sindrome-de-Burnout-%C2%BFQue-es-y-cuales-son-las-causas-1-1.png?fit=1920%2C1080&ssl=1\",\"keywords\":[\"Burnout\",\"Capital Humano\",\"Forhuman\",\"Salud mental\"],\"articleSection\":[\"Capital Humano\"],\"inLanguage\":\"es\"},{\"@type\":\"WebPage\",\"@id\":\"https:\/\/forhuman.mx\/blog\/sindrome-de-burnout-que-es-y-cuales-son-las-causas\/\",\"url\":\"https:\/\/forhuman.mx\/blog\/sindrome-de-burnout-que-es-y-cuales-son-las-causas\/\",\"name\":\"S\u00edndrome de Burnout \u00bfQu\u00e9 es y cu\u00e1les son las causas?\",\"isPartOf\":{\"@id\":\"https:\/\/forhuman.mx\/blog\/#website\"},\"primaryImageOfPage\":{\"@id\":\"https:\/\/forhuman.mx\/blog\/sindrome-de-burnout-que-es-y-cuales-son-las-causas\/#primaryimage\"},\"image\":{\"@id\":\"https:\/\/forhuman.mx\/blog\/sindrome-de-burnout-que-es-y-cuales-son-las-causas\/#primaryimage\"},\"thumbnailUrl\":\"https:\/\/i0.wp.com\/forhuman.mx\/blog\/wp-content\/uploads\/2023\/06\/Sindrome-de-Burnout-%C2%BFQue-es-y-cuales-son-las-causas-1-1.png?fit=1920%2C1080&ssl=1\",\"datePublished\":\"2023-06-09T15:28:11+00:00\",\"dateModified\":\"2024-01-02T15:33:50+00:00\",\"description\":\"\u00bfEst\u00e1s agotado y perdiste inter\u00e9s en tu trabajo? \u00a1Esto es el Burnout! En este blog te contaremos de que trata y cu\u00e1les son las causas.\",\"breadcrumb\":{\"@id\":\"https:\/\/forhuman.mx\/blog\/sindrome-de-burnout-que-es-y-cuales-son-las-causas\/#breadcrumb\"},\"inLanguage\":\"es\",\"potentialAction\":[{\"@type\":\"ReadAction\",\"target\":[\"https:\/\/forhuman.mx\/blog\/sindrome-de-burnout-que-es-y-cuales-son-las-causas\/\"]}]},{\"@type\":\"ImageObject\",\"inLanguage\":\"es\",\"@id\":\"https:\/\/forhuman.mx\/blog\/sindrome-de-burnout-que-es-y-cuales-son-las-causas\/#primaryimage\",\"url\":\"https:\/\/i0.wp.com\/forhuman.mx\/blog\/wp-content\/uploads\/2023\/06\/Sindrome-de-Burnout-%C2%BFQue-es-y-cuales-son-las-causas-1-1.png?fit=1920%2C1080&ssl=1\",\"contentUrl\":\"https:\/\/i0.wp.com\/forhuman.mx\/blog\/wp-content\/uploads\/2023\/06\/Sindrome-de-Burnout-%C2%BFQue-es-y-cuales-son-las-causas-1-1.png?fit=1920%2C1080&ssl=1\",\"width\":1920,\"height\":1080},{\"@type\":\"BreadcrumbList\",\"@id\":\"https:\/\/forhuman.mx\/blog\/sindrome-de-burnout-que-es-y-cuales-son-las-causas\/#breadcrumb\",\"itemListElement\":[{\"@type\":\"ListItem\",\"position\":1,\"name\":\"Portada\",\"item\":\"https:\/\/forhuman.mx\/blog\/\"},{\"@type\":\"ListItem\",\"position\":2,\"name\":\"S\u00edndrome de Burnout \u00bfQu\u00e9 es y cu\u00e1les son las causas?\"}]},{\"@type\":\"WebSite\",\"@id\":\"https:\/\/forhuman.mx\/blog\/#website\",\"url\":\"https:\/\/forhuman.mx\/blog\/\",\"name\":\"Forhuman Blog\",\"description\":\"Reclutamos y seleccionamos talento para las empresas, contribuyendo a su humanizaci\u00f3n mediante nuestros servicios especializados, de estructura y defensa legal laboral.\",\"publisher\":{\"@id\":\"https:\/\/forhuman.mx\/blog\/#organization\"},\"potentialAction\":[{\"@type\":\"SearchAction\",\"target\":{\"@type\":\"EntryPoint\",\"urlTemplate\":\"https:\/\/forhuman.mx\/blog\/?s={search_term_string}\"},\"query-input\":{\"@type\":\"PropertyValueSpecification\",\"valueRequired\":true,\"valueName\":\"search_term_string\"}}],\"inLanguage\":\"es\"},{\"@type\":\"Organization\",\"@id\":\"https:\/\/forhuman.mx\/blog\/#organization\",\"name\":\"Forhuman Blog\",\"url\":\"https:\/\/forhuman.mx\/blog\/\",\"logo\":{\"@type\":\"ImageObject\",\"inLanguage\":\"es\",\"@id\":\"https:\/\/forhuman.mx\/blog\/#\/schema\/logo\/image\/\",\"url\":\"https:\/\/i0.wp.com\/forhuman.mx\/blog\/wp-content\/uploads\/2023\/08\/logo.png?fit=571%2C110&ssl=1\",\"contentUrl\":\"https:\/\/i0.wp.com\/forhuman.mx\/blog\/wp-content\/uploads\/2023\/08\/logo.png?fit=571%2C110&ssl=1\",\"width\":571,\"height\":110,\"caption\":\"Forhuman Blog\"},\"image\":{\"@id\":\"https:\/\/forhuman.mx\/blog\/#\/schema\/logo\/image\/\"}},{\"@type\":\"Person\",\"@id\":\"https:\/\/forhuman.mx\/blog\/#\/schema\/person\/851f2ffcb147a58cc67286c04fb6bda0\",\"name\":\"FORHUMAN\",\"image\":{\"@type\":\"ImageObject\",\"inLanguage\":\"es\",\"@id\":\"https:\/\/forhuman.mx\/blog\/#\/schema\/person\/image\/\",\"url\":\"https:\/\/i0.wp.com\/forhuman.mx\/blog\/wp-content\/uploads\/2023\/08\/logo-cuadrado-fondo-negro.png?fit=96%2C87&#038;ssl=1\",\"contentUrl\":\"https:\/\/i0.wp.com\/forhuman.mx\/blog\/wp-content\/uploads\/2023\/08\/logo-cuadrado-fondo-negro.png?fit=96%2C87&#038;ssl=1\",\"caption\":\"FORHUMAN\"},\"description\":\"Reclutamos y seleccionamos talento para las empresas, contribuyendo a su humanizaci\u00f3n mediante nuestros servicios especializados, de estructura y defensa legal laboral.\",\"sameAs\":[\"https:\/\/forhuman.mx\",\"facebook.com\/forhumanmx\",\"instagram.com\/forhumanmx\/\",\"linkedin.com\/company\/forhuman\/\",\"https:\/\/youtube.com\/channel\/UCJwyZnzZ9PNvOhl4siylFGQ\"],\"url\":\"https:\/\/forhuman.mx\/blog\/author\/forhumanmkt\/\"}]}<\/script>\n<!-- \/ Yoast SEO plugin. -->","yoast_head_json":{"title":"S\u00edndrome de Burnout \u00bfQu\u00e9 es y cu\u00e1les son las causas?","description":"\u00bfEst\u00e1s agotado y perdiste inter\u00e9s en tu trabajo? \u00a1Esto es el Burnout! En este blog te contaremos de que trata y cu\u00e1les son las causas.","robots":{"index":"index","follow":"follow","max-snippet":"max-snippet:-1","max-image-preview":"max-image-preview:large","max-video-preview":"max-video-preview:-1"},"canonical":"https:\/\/forhuman.mx\/blog\/sindrome-de-burnout-que-es-y-cuales-son-las-causas\/","og_locale":"es_ES","og_type":"article","og_title":"S\u00edndrome de Burnout \u00bfQu\u00e9 es y cu\u00e1les son las causas?","og_description":"\u00bfEst\u00e1s agotado y perdiste inter\u00e9s en tu trabajo? \u00a1Esto es el Burnout! En este blog te contaremos de que trata y cu\u00e1les son las causas.","og_url":"https:\/\/forhuman.mx\/blog\/sindrome-de-burnout-que-es-y-cuales-son-las-causas\/","og_site_name":"Forhuman Blog","article_author":"facebook.com\/forhumanmx","article_published_time":"2023-06-09T15:28:11+00:00","article_modified_time":"2024-01-02T15:33:50+00:00","og_image":[{"width":1920,"height":1080,"url":"https:\/\/forhuman.mx\/blog\/wp-content\/uploads\/2023\/06\/Sindrome-de-Burnout-\u00bfQue-es-y-cuales-son-las-causas-1-1.png","type":"image\/png"}],"author":"FORHUMAN","twitter_card":"summary_large_image","twitter_misc":{"Escrito por":"FORHUMAN","Tiempo de lectura":"3 minutos"},"schema":{"@context":"https:\/\/schema.org","@graph":[{"@type":"Article","@id":"https:\/\/forhuman.mx\/blog\/sindrome-de-burnout-que-es-y-cuales-son-las-causas\/#article","isPartOf":{"@id":"https:\/\/forhuman.mx\/blog\/sindrome-de-burnout-que-es-y-cuales-son-las-causas\/"},"author":{"name":"FORHUMAN","@id":"https:\/\/forhuman.mx\/blog\/#\/schema\/person\/851f2ffcb147a58cc67286c04fb6bda0"},"headline":"S\u00edndrome de Burnout \u00bfQu\u00e9 es y cu\u00e1les son las causas?","datePublished":"2023-06-09T15:28:11+00:00","dateModified":"2024-01-02T15:33:50+00:00","mainEntityOfPage":{"@id":"https:\/\/forhuman.mx\/blog\/sindrome-de-burnout-que-es-y-cuales-son-las-causas\/"},"wordCount":459,"publisher":{"@id":"https:\/\/forhuman.mx\/blog\/#organization"},"image":{"@id":"https:\/\/forhuman.mx\/blog\/sindrome-de-burnout-que-es-y-cuales-son-las-causas\/#primaryimage"},"thumbnailUrl":"https:\/\/i0.wp.com\/forhuman.mx\/blog\/wp-content\/uploads\/2023\/06\/Sindrome-de-Burnout-%C2%BFQue-es-y-cuales-son-las-causas-1-1.png?fit=1920%2C1080&ssl=1","keywords":["Burnout","Capital Humano","Forhuman","Salud mental"],"articleSection":["Capital Humano"],"inLanguage":"es"},{"@type":"WebPage","@id":"https:\/\/forhuman.mx\/blog\/sindrome-de-burnout-que-es-y-cuales-son-las-causas\/","url":"https:\/\/forhuman.mx\/blog\/sindrome-de-burnout-que-es-y-cuales-son-las-causas\/","name":"S\u00edndrome de Burnout \u00bfQu\u00e9 es y cu\u00e1les son las causas?","isPartOf":{"@id":"https:\/\/forhuman.mx\/blog\/#website"},"primaryImageOfPage":{"@id":"https:\/\/forhuman.mx\/blog\/sindrome-de-burnout-que-es-y-cuales-son-las-causas\/#primaryimage"},"image":{"@id":"https:\/\/forhuman.mx\/blog\/sindrome-de-burnout-que-es-y-cuales-son-las-causas\/#primaryimage"},"thumbnailUrl":"https:\/\/i0.wp.com\/forhuman.mx\/blog\/wp-content\/uploads\/2023\/06\/Sindrome-de-Burnout-%C2%BFQue-es-y-cuales-son-las-causas-1-1.png?fit=1920%2C1080&ssl=1","datePublished":"2023-06-09T15:28:11+00:00","dateModified":"2024-01-02T15:33:50+00:00","description":"\u00bfEst\u00e1s agotado y perdiste inter\u00e9s en tu trabajo? \u00a1Esto es el Burnout! En este blog te contaremos de que trata y cu\u00e1les son las causas.","breadcrumb":{"@id":"https:\/\/forhuman.mx\/blog\/sindrome-de-burnout-que-es-y-cuales-son-las-causas\/#breadcrumb"},"inLanguage":"es","potentialAction":[{"@type":"ReadAction","target":["https:\/\/forhuman.mx\/blog\/sindrome-de-burnout-que-es-y-cuales-son-las-causas\/"]}]},{"@type":"ImageObject","inLanguage":"es","@id":"https:\/\/forhuman.mx\/blog\/sindrome-de-burnout-que-es-y-cuales-son-las-causas\/#primaryimage","url":"https:\/\/i0.wp.com\/forhuman.mx\/blog\/wp-content\/uploads\/2023\/06\/Sindrome-de-Burnout-%C2%BFQue-es-y-cuales-son-las-causas-1-1.png?fit=1920%2C1080&ssl=1","contentUrl":"https:\/\/i0.wp.com\/forhuman.mx\/blog\/wp-content\/uploads\/2023\/06\/Sindrome-de-Burnout-%C2%BFQue-es-y-cuales-son-las-causas-1-1.png?fit=1920%2C1080&ssl=1","width":1920,"height":1080},{"@type":"BreadcrumbList","@id":"https:\/\/forhuman.mx\/blog\/sindrome-de-burnout-que-es-y-cuales-son-las-causas\/#breadcrumb","itemListElement":[{"@type":"ListItem","position":1,"name":"Portada","item":"https:\/\/forhuman.mx\/blog\/"},{"@type":"ListItem","position":2,"name":"S\u00edndrome de Burnout \u00bfQu\u00e9 es y cu\u00e1les son las causas?"}]},{"@type":"WebSite","@id":"https:\/\/forhuman.mx\/blog\/#website","url":"https:\/\/forhuman.mx\/blog\/","name":"Forhuman Blog","description":"Reclutamos y seleccionamos talento para las empresas, contribuyendo a su humanizaci\u00f3n mediante nuestros servicios especializados, de estructura y defensa legal laboral.","publisher":{"@id":"https:\/\/forhuman.mx\/blog\/#organization"},"potentialAction":[{"@type":"SearchAction","target":{"@type":"EntryPoint","urlTemplate":"https:\/\/forhuman.mx\/blog\/?s={search_term_string}"},"query-input":{"@type":"PropertyValueSpecification","valueRequired":true,"valueName":"search_term_string"}}],"inLanguage":"es"},{"@type":"Organization","@id":"https:\/\/forhuman.mx\/blog\/#organization","name":"Forhuman Blog","url":"https:\/\/forhuman.mx\/blog\/","logo":{"@type":"ImageObject","inLanguage":"es","@id":"https:\/\/forhuman.mx\/blog\/#\/schema\/logo\/image\/","url":"https:\/\/i0.wp.com\/forhuman.mx\/blog\/wp-content\/uploads\/2023\/08\/logo.png?fit=571%2C110&ssl=1","contentUrl":"https:\/\/i0.wp.com\/forhuman.mx\/blog\/wp-content\/uploads\/2023\/08\/logo.png?fit=571%2C110&ssl=1","width":571,"height":110,"caption":"Forhuman Blog"},"image":{"@id":"https:\/\/forhuman.mx\/blog\/#\/schema\/logo\/image\/"}},{"@type":"Person","@id":"https:\/\/forhuman.mx\/blog\/#\/schema\/person\/851f2ffcb147a58cc67286c04fb6bda0","name":"FORHUMAN","image":{"@type":"ImageObject","inLanguage":"es","@id":"https:\/\/forhuman.mx\/blog\/#\/schema\/person\/image\/","url":"https:\/\/i0.wp.com\/forhuman.mx\/blog\/wp-content\/uploads\/2023\/08\/logo-cuadrado-fondo-negro.png?fit=96%2C87&#038;ssl=1","contentUrl":"https:\/\/i0.wp.com\/forhuman.mx\/blog\/wp-content\/uploads\/2023\/08\/logo-cuadrado-fondo-negro.png?fit=96%2C87&#038;ssl=1","caption":"FORHUMAN"},"description":"Reclutamos y seleccionamos talento para las empresas, contribuyendo a su humanizaci\u00f3n mediante nuestros servicios especializados, de estructura y defensa legal laboral.","sameAs":["https:\/\/forhuman.mx","facebook.com\/forhumanmx","instagram.com\/forhumanmx\/","linkedin.com\/company\/forhuman\/","https:\/\/youtube.com\/channel\/UCJwyZnzZ9PNvOhl4siylFGQ"],"url":"https:\/\/forhuman.mx\/blog\/author\/forhumanmkt\/"}]}},"jetpack_featured_media_url":"https:\/\/i0.wp.com\/forhuman.mx\/blog\/wp-content\/uploads\/2023\/06\/Sindrome-de-Burnout-%C2%BFQue-es-y-cuales-son-las-causas-1-1.png?fit=1920%2C1080&ssl=1","jetpack_sharing_enabled":true,"jetpack-related-posts":[{"id":391,"url":"https:\/\/forhuman.mx\/blog\/que-es-desmotivacion-laboral\/","url_meta":{"origin":43,"position":0},"title":"Desmotivaci\u00f3n laboral: 7 principales causas","author":"FORHUMAN","date":"3 de noviembre de 2023","format":false,"excerpt":"\u00bfDetectas que hay personas en tu equipo con baja productividad?, \u00bfpersonal que se ausenta o llega tarde constantemente? \u00bfcolaboradores con mala actitud en todo?, \u00bfconflictos con otras personas del equipo?\u00a0 Ni las mejores empresas est\u00e1n exentas de tener colaboradores con desmotivaci\u00f3n laboral. Sin embargo, lo cierto es que las organizaciones\u2026","rel":"","context":"En \u00abBlog\u00bb","block_context":{"text":"Blog","link":"https:\/\/forhuman.mx\/blog\/category\/blog\/"},"img":{"alt_text":"","src":"https:\/\/i0.wp.com\/forhuman.mx\/blog\/wp-content\/uploads\/2023\/11\/desmotivacion-laboral-causas-y-consecuencias.jpg?fit=1200%2C675&ssl=1&resize=350%2C200","width":350,"height":200,"srcset":"https:\/\/i0.wp.com\/forhuman.mx\/blog\/wp-content\/uploads\/2023\/11\/desmotivacion-laboral-causas-y-consecuencias.jpg?fit=1200%2C675&ssl=1&resize=350%2C200 1x, https:\/\/i0.wp.com\/forhuman.mx\/blog\/wp-content\/uploads\/2023\/11\/desmotivacion-laboral-causas-y-consecuencias.jpg?fit=1200%2C675&ssl=1&resize=525%2C300 1.5x, https:\/\/i0.wp.com\/forhuman.mx\/blog\/wp-content\/uploads\/2023\/11\/desmotivacion-laboral-causas-y-consecuencias.jpg?fit=1200%2C675&ssl=1&resize=700%2C400 2x, https:\/\/i0.wp.com\/forhuman.mx\/blog\/wp-content\/uploads\/2023\/11\/desmotivacion-laboral-causas-y-consecuencias.jpg?fit=1200%2C675&ssl=1&resize=1050%2C600 3x"},"classes":[]},{"id":451,"url":"https:\/\/forhuman.mx\/blog\/renuncia-silenciosa-como-evitar\/","url_meta":{"origin":43,"position":1},"title":"Renuncia silenciosa: Estrategias para combatirla","author":"Forhuman","date":"29 de diciembre de 2023","format":false,"excerpt":"Dentro de tu empresa, \u00bfte has encontrado con colaboradores que se limitan a hacer s\u00f3lo lo necesario y no aceptar m\u00e1s responsabilidades que las acordadas? Probablemente est\u00e9s ante un caso de renuncia silenciosa.\u00a0 El t\u00e9rmino de renuncia silenciosa o quiet quitting ha tomado gran revuelo en los \u00faltimos a\u00f1os en\u2026","rel":"","context":"En \u00abBlog\u00bb","block_context":{"text":"Blog","link":"https:\/\/forhuman.mx\/blog\/category\/blog\/"},"img":{"alt_text":"","src":"https:\/\/i0.wp.com\/forhuman.mx\/blog\/wp-content\/uploads\/2023\/12\/Renuncia-silenciosa-como-evitarla.jpg?fit=1200%2C675&ssl=1&resize=350%2C200","width":350,"height":200,"srcset":"https:\/\/i0.wp.com\/forhuman.mx\/blog\/wp-content\/uploads\/2023\/12\/Renuncia-silenciosa-como-evitarla.jpg?fit=1200%2C675&ssl=1&resize=350%2C200 1x, https:\/\/i0.wp.com\/forhuman.mx\/blog\/wp-content\/uploads\/2023\/12\/Renuncia-silenciosa-como-evitarla.jpg?fit=1200%2C675&ssl=1&resize=525%2C300 1.5x, https:\/\/i0.wp.com\/forhuman.mx\/blog\/wp-content\/uploads\/2023\/12\/Renuncia-silenciosa-como-evitarla.jpg?fit=1200%2C675&ssl=1&resize=700%2C400 2x, https:\/\/i0.wp.com\/forhuman.mx\/blog\/wp-content\/uploads\/2023\/12\/Renuncia-silenciosa-como-evitarla.jpg?fit=1200%2C675&ssl=1&resize=1050%2C600 3x"},"classes":[]},{"id":772,"url":"https:\/\/forhuman.mx\/blog\/programas-de-desarrollo-de-liderazgo-en-las-organizaciones\/","url_meta":{"origin":43,"position":2},"title":"Programas de desarrollo de liderazgo en las organizaciones","author":"FORHUMAN","date":"28 de agosto de 2024","format":false,"excerpt":"Quien diga que el desarrollo de liderazgo solo sea cuesti\u00f3n de dirigir y ordenar, est\u00e1 muy equivocado. \u00a0 Para lograr un desarrollo de liderazgo exitoso, es importante tener la habilidad de inspirar y fomentar el crecimiento del equipo, pero, \u00bfc\u00f3mo lograrlo? Es aqu\u00ed donde entran los programas de desarrollo de\u2026","rel":"","context":"En \u00abCapital Humano\u00bb","block_context":{"text":"Capital Humano","link":"https:\/\/forhuman.mx\/blog\/category\/capital-humano\/"},"img":{"alt_text":"desarrollo-de-liderazgo-portada","src":"https:\/\/i0.wp.com\/forhuman.mx\/blog\/wp-content\/uploads\/2024\/08\/Blog-53.jpg?fit=1200%2C675&ssl=1&resize=350%2C200","width":350,"height":200,"srcset":"https:\/\/i0.wp.com\/forhuman.mx\/blog\/wp-content\/uploads\/2024\/08\/Blog-53.jpg?fit=1200%2C675&ssl=1&resize=350%2C200 1x, https:\/\/i0.wp.com\/forhuman.mx\/blog\/wp-content\/uploads\/2024\/08\/Blog-53.jpg?fit=1200%2C675&ssl=1&resize=525%2C300 1.5x, https:\/\/i0.wp.com\/forhuman.mx\/blog\/wp-content\/uploads\/2024\/08\/Blog-53.jpg?fit=1200%2C675&ssl=1&resize=700%2C400 2x, https:\/\/i0.wp.com\/forhuman.mx\/blog\/wp-content\/uploads\/2024\/08\/Blog-53.jpg?fit=1200%2C675&ssl=1&resize=1050%2C600 3x"},"classes":[]},{"id":111,"url":"https:\/\/forhuman.mx\/blog\/la-gran-renuncia-que-es-y-cuales-son-las-causas\/","url_meta":{"origin":43,"position":3},"title":"La gran renuncia: \u00bfQu\u00e9 es y cu\u00e1les son las causas?","author":"FORHUMAN","date":"9 de febrero de 2023","format":false,"excerpt":"Uno de los fen\u00f3menos m\u00e1s comunes dentro de las empresas al iniciar un nuevo a\u00f1o es la famosa \"Gran Renuncia\". \u00a1En este blog te contamos de que trata y cu\u00e1les son sus causas! \u00bfQu\u00e9 es la gran renuncia? Nombrado \u201cGreat Resignation\u201d o \u201cGran renuncia\u201d por el profesor Anthony Klotz, es\u2026","rel":"","context":"En \u00abCapital Humano\u00bb","block_context":{"text":"Capital Humano","link":"https:\/\/forhuman.mx\/blog\/category\/capital-humano\/"},"img":{"alt_text":"","src":"https:\/\/i0.wp.com\/forhuman.mx\/blog\/wp-content\/uploads\/2023\/02\/La-gran-renuncia-%C2%BFQue-es-y-cuales-son-las-causas.png?fit=1200%2C675&ssl=1&resize=350%2C200","width":350,"height":200,"srcset":"https:\/\/i0.wp.com\/forhuman.mx\/blog\/wp-content\/uploads\/2023\/02\/La-gran-renuncia-%C2%BFQue-es-y-cuales-son-las-causas.png?fit=1200%2C675&ssl=1&resize=350%2C200 1x, https:\/\/i0.wp.com\/forhuman.mx\/blog\/wp-content\/uploads\/2023\/02\/La-gran-renuncia-%C2%BFQue-es-y-cuales-son-las-causas.png?fit=1200%2C675&ssl=1&resize=525%2C300 1.5x, https:\/\/i0.wp.com\/forhuman.mx\/blog\/wp-content\/uploads\/2023\/02\/La-gran-renuncia-%C2%BFQue-es-y-cuales-son-las-causas.png?fit=1200%2C675&ssl=1&resize=700%2C400 2x, https:\/\/i0.wp.com\/forhuman.mx\/blog\/wp-content\/uploads\/2023\/02\/La-gran-renuncia-%C2%BFQue-es-y-cuales-son-las-causas.png?fit=1200%2C675&ssl=1&resize=1050%2C600 3x"},"classes":[]},{"id":251,"url":"https:\/\/forhuman.mx\/blog\/causas-de-estres-en-el-trabajo\/","url_meta":{"origin":43,"position":4},"title":"Causas de estr\u00e9s en el trabajo","author":"FORHUMAN","date":"3 de febrero de 2023","format":false,"excerpt":"Existen diferentes causas y motivos que pueden generar estr\u00e9s en el trabajo, causando un bajo rendimiento laboral. Detectarlas y encontrar formas de disminuirlas o erradicarlas es fundamental para generar una optimizaci\u00f3n dentro del equipo de colaboradores, en este blog hablaremos de las principales causas de estr\u00e9s para detectarlas. La imposibilidad\u2026","rel":"","context":"En \u00abCapital Humano\u00bb","block_context":{"text":"Capital Humano","link":"https:\/\/forhuman.mx\/blog\/category\/capital-humano\/"},"img":{"alt_text":"","src":"https:\/\/i0.wp.com\/forhuman.mx\/blog\/wp-content\/uploads\/2023\/02\/Causas-de-estres-en-el-trabajo.png?fit=780%2C410&ssl=1&resize=350%2C200","width":350,"height":200,"srcset":"https:\/\/i0.wp.com\/forhuman.mx\/blog\/wp-content\/uploads\/2023\/02\/Causas-de-estres-en-el-trabajo.png?fit=780%2C410&ssl=1&resize=350%2C200 1x, https:\/\/i0.wp.com\/forhuman.mx\/blog\/wp-content\/uploads\/2023\/02\/Causas-de-estres-en-el-trabajo.png?fit=780%2C410&ssl=1&resize=525%2C300 1.5x, https:\/\/i0.wp.com\/forhuman.mx\/blog\/wp-content\/uploads\/2023\/02\/Causas-de-estres-en-el-trabajo.png?fit=780%2C410&ssl=1&resize=700%2C400 2x"},"classes":[]},{"id":253,"url":"https:\/\/forhuman.mx\/blog\/estres-y-eustres-2-variantes-sobre-la-salud-mental-en-el-trabajo\/","url_meta":{"origin":43,"position":5},"title":"Estr\u00e9s y eustr\u00e9s: 2 variantes sobre la salud mental en el trabajo","author":"FORHUMAN","date":"3 de febrero de 2023","format":false,"excerpt":"Uno de los factores de un bajo rendimiento en el ambiente laboral es sin duda el estr\u00e9s que puede presentarse, pues este puede afectar de manera individual y conjunta a los laboradores de tu empresa. En este blog te contaremos sobre las diferentes variantes del estr\u00e9s y su repercusi\u00f3n en\u2026","rel":"","context":"En \u00abCapital Humano\u00bb","block_context":{"text":"Capital Humano","link":"https:\/\/forhuman.mx\/blog\/category\/capital-humano\/"},"img":{"alt_text":"","src":"https:\/\/i0.wp.com\/forhuman.mx\/blog\/wp-content\/uploads\/2023\/02\/Estres-y-eustres-2-variantes-sobre-la-salud-mental-en-el-trabajo.png?fit=780%2C410&ssl=1&resize=350%2C200","width":350,"height":200,"srcset":"https:\/\/i0.wp.com\/forhuman.mx\/blog\/wp-content\/uploads\/2023\/02\/Estres-y-eustres-2-variantes-sobre-la-salud-mental-en-el-trabajo.png?fit=780%2C410&ssl=1&resize=350%2C200 1x, https:\/\/i0.wp.com\/forhuman.mx\/blog\/wp-content\/uploads\/2023\/02\/Estres-y-eustres-2-variantes-sobre-la-salud-mental-en-el-trabajo.png?fit=780%2C410&ssl=1&resize=525%2C300 1.5x, https:\/\/i0.wp.com\/forhuman.mx\/blog\/wp-content\/uploads\/2023\/02\/Estres-y-eustres-2-variantes-sobre-la-salud-mental-en-el-trabajo.png?fit=780%2C410&ssl=1&resize=700%2C400 2x"},"classes":[]}],"_links":{"self":[{"href":"https:\/\/forhuman.mx\/blog\/wp-json\/wp\/v2\/posts\/43","targetHints":{"allow":["GET"]}}],"collection":[{"href":"https:\/\/forhuman.mx\/blog\/wp-json\/wp\/v2\/posts"}],"about":[{"href":"https:\/\/forhuman.mx\/blog\/wp-json\/wp\/v2\/types\/post"}],"author":[{"embeddable":true,"href":"https:\/\/forhuman.mx\/blog\/wp-json\/wp\/v2\/users\/1"}],"replies":[{"embeddable":true,"href":"https:\/\/forhuman.mx\/blog\/wp-json\/wp\/v2\/comments?post=43"}],"version-history":[{"count":1,"href":"https:\/\/forhuman.mx\/blog\/wp-json\/wp\/v2\/posts\/43\/revisions"}],"predecessor-version":[{"id":51,"href":"https:\/\/forhuman.mx\/blog\/wp-json\/wp\/v2\/posts\/43\/revisions\/51"}],"wp:featuredmedia":[{"embeddable":true,"href":"https:\/\/forhuman.mx\/blog\/wp-json\/wp\/v2\/media\/44"}],"wp:attachment":[{"href":"https:\/\/forhuman.mx\/blog\/wp-json\/wp\/v2\/media?parent=43"}],"wp:term":[{"taxonomy":"category","embeddable":true,"href":"https:\/\/forhuman.mx\/blog\/wp-json\/wp\/v2\/categories?post=43"},{"taxonomy":"post_tag","embeddable":true,"href":"https:\/\/forhuman.mx\/blog\/wp-json\/wp\/v2\/tags?post=43"}],"curies":[{"name":"wp","href":"https:\/\/api.w.org\/{rel}","templated":true}]}}