{"id":906,"date":"2024-11-22T11:14:59","date_gmt":"2024-11-22T17:14:59","guid":{"rendered":"https:\/\/forhuman.mx\/blog\/?p=906"},"modified":"2024-11-25T08:56:30","modified_gmt":"2024-11-25T14:56:30","slug":"el-buro-laboral-y-lo-que-toda-empresa-necesita-saber","status":"publish","type":"post","link":"https:\/\/forhuman.mx\/blog\/el-buro-laboral-y-lo-que-toda-empresa-necesita-saber\/","title":{"rendered":"El bur\u00f3 laboral y lo que toda empresa necesita saber"},"content":{"rendered":"<p><span data-contrast=\"auto\">Hoy en d\u00eda, la selecci\u00f3n de candidatos es un proceso cada vez m\u00e1s <\/span><b><span data-contrast=\"auto\">complejo y estrat\u00e9gico<\/span><\/b><span data-contrast=\"auto\"> para las empresas.\u00a0<\/span><span data-ccp-props=\"{}\">\u00a0<\/span><\/p>\n<p><span data-contrast=\"auto\">En la b\u00fasqueda de talento, algunos empleadores consideran el uso del bur\u00f3 laboral como una <\/span><b><span data-contrast=\"auto\">herramienta de apoyo.<\/span><\/b><span data-contrast=\"auto\">\u00a0<\/span><span data-ccp-props=\"{}\">\u00a0<\/span><\/p>\n<p><span data-contrast=\"auto\">Sin embargo, es importante conocer qu\u00e9 implica el bur\u00f3 laboral, si su uso es legal, cu\u00e1les son sus desventajas y c\u00f3mo afecta a los candidatos.\u00a0<\/span><span data-ccp-props=\"{}\">\u00a0<\/span><\/p>\n<p><span data-contrast=\"auto\">A continuaci\u00f3n, exploramos todo lo que una empresa debe saber sobre esta pr\u00e1ctica.<\/span><span data-ccp-props=\"{}\">\u00a0<\/span><\/p>\n<p><span data-contrast=\"none\">\u00cdndice<\/span><span data-ccp-props=\"{}\">\u00a0<\/span><\/p>\n<ol>\n<li><span data-contrast=\"none\">\u00bfQu\u00e9 es el bur\u00f3 laboral?\u00a0<\/span><span data-ccp-props=\"{&quot;134233117&quot;:false,&quot;134233118&quot;:false,&quot;335559738&quot;:240,&quot;335559739&quot;:240}\">\u00a0<\/span><\/li>\n<li><span data-contrast=\"auto\">\u00bfEs legal que una empresa consulte el bur\u00f3 laboral?<\/span><span data-ccp-props=\"{&quot;134233117&quot;:false,&quot;134233118&quot;:false,&quot;201341983&quot;:0,&quot;335551550&quot;:1,&quot;335551620&quot;:1,&quot;335559685&quot;:720,&quot;335559737&quot;:0,&quot;335559738&quot;:240,&quot;335559739&quot;:240,&quot;335559740&quot;:279,&quot;335559991&quot;:360}\">\u00a0<\/span><\/li>\n<li><span data-contrast=\"auto\">Aspectos jur\u00eddicos del bur\u00f3 laboral para empresas<\/span><span data-ccp-props=\"{&quot;134233117&quot;:false,&quot;134233118&quot;:false,&quot;201341983&quot;:0,&quot;335551550&quot;:1,&quot;335551620&quot;:1,&quot;335559685&quot;:720,&quot;335559737&quot;:0,&quot;335559738&quot;:240,&quot;335559739&quot;:240,&quot;335559740&quot;:279,&quot;335559991&quot;:360}\">\u00a0<\/span><\/li>\n<li><span data-contrast=\"auto\">Desventajas de que una empresa utilice el bur\u00f3 laboral<\/span><span data-ccp-props=\"{&quot;134233117&quot;:false,&quot;134233118&quot;:false,&quot;335559738&quot;:240,&quot;335559739&quot;:240}\">\u00a0<\/span><\/li>\n<li><span data-contrast=\"none\">\u00bfQu\u00e9 pasa si un candidato est\u00e1 en bur\u00f3 laboral?<\/span><span data-ccp-props=\"{&quot;134233117&quot;:false,&quot;134233118&quot;:false,&quot;335559738&quot;:240,&quot;335559739&quot;:240}\">\u00a0<\/span><\/li>\n<li><span data-contrast=\"none\">Conclusi\u00f3n<\/span><span data-ccp-props=\"{&quot;134233117&quot;:false,&quot;134233118&quot;:false,&quot;335559738&quot;:240,&quot;335559739&quot;:240}\">\u00a0<\/span><\/li>\n<\/ol>\n<h2><span data-contrast=\"none\">1.\u00a0 \u00bfQu\u00e9 es el bur\u00f3 laboral?<\/span><span data-ccp-props=\"{}\"> <img data-recalc-dims=\"1\" loading=\"lazy\" decoding=\"async\" class=\"aligncenter size-large wp-image-908\" src=\"https:\/\/i0.wp.com\/forhuman.mx\/blog\/wp-content\/uploads\/2024\/11\/2.1-Conoce-el-buro.png?resize=770%2C434&#038;ssl=1\" alt=\"que-es-el-buro-laboral\" width=\"770\" height=\"434\" srcset=\"https:\/\/i0.wp.com\/forhuman.mx\/blog\/wp-content\/uploads\/2024\/11\/2.1-Conoce-el-buro.png?resize=1024%2C577&amp;ssl=1 1024w, https:\/\/i0.wp.com\/forhuman.mx\/blog\/wp-content\/uploads\/2024\/11\/2.1-Conoce-el-buro.png?resize=300%2C169&amp;ssl=1 300w, https:\/\/i0.wp.com\/forhuman.mx\/blog\/wp-content\/uploads\/2024\/11\/2.1-Conoce-el-buro.png?resize=768%2C433&amp;ssl=1 768w, https:\/\/i0.wp.com\/forhuman.mx\/blog\/wp-content\/uploads\/2024\/11\/2.1-Conoce-el-buro.png?resize=1536%2C866&amp;ssl=1 1536w, https:\/\/i0.wp.com\/forhuman.mx\/blog\/wp-content\/uploads\/2024\/11\/2.1-Conoce-el-buro.png?resize=2048%2C1154&amp;ssl=1 2048w\" sizes=\"auto, (max-width: 770px) 100vw, 770px\" \/><\/span><\/h2>\n<p><span data-contrast=\"auto\">El bur\u00f3 laboral es una <\/span><b><span data-contrast=\"auto\">base de datos<\/span><\/b><span data-contrast=\"auto\"> en la que se registran incidentes relacionados con la vida laboral de los colaboradores.\u00a0<\/span><span data-ccp-props=\"{}\">\u00a0<\/span><\/p>\n<p><span data-contrast=\"auto\">Aqu\u00ed se incluyen antecedentes como despidos por incumplimiento de contrato, faltas graves y situaciones que podr\u00edan ser relevantes para futuras contrataciones.\u00a0<\/span><span data-ccp-props=\"{}\">\u00a0<\/span><\/p>\n<p><span data-contrast=\"auto\">Esta informaci\u00f3n puede ser consultada por empresas que buscan saber m\u00e1s sobre los <\/span><b><span data-contrast=\"auto\">antecedentes de sus posibles colaboradores<\/span><\/b><span data-contrast=\"auto\"> antes de realizar una contrataci\u00f3n.<\/span><span data-ccp-props=\"{}\">\u00a0<\/span><\/p>\n<h2><span data-contrast=\"none\">2. \u00bfEs legal que una empresa consulte el bur\u00f3 laboral?<\/span><span data-ccp-props=\"{}\">\u00a0<\/span><\/h2>\n<p><img data-recalc-dims=\"1\" loading=\"lazy\" decoding=\"async\" class=\"aligncenter size-large wp-image-909\" style=\"font-size: 19px; font-family: ff-more-web-pro, 'PT Serif', Georgia, serif; opacity: 0.84;\" src=\"https:\/\/i0.wp.com\/forhuman.mx\/blog\/wp-content\/uploads\/2024\/11\/2.2-El-lado-legal.png?resize=770%2C434&#038;ssl=1\" alt=\"legalidad-del-bur\u00f3-laboral\" width=\"770\" height=\"434\" srcset=\"https:\/\/i0.wp.com\/forhuman.mx\/blog\/wp-content\/uploads\/2024\/11\/2.2-El-lado-legal.png?resize=1024%2C577&amp;ssl=1 1024w, https:\/\/i0.wp.com\/forhuman.mx\/blog\/wp-content\/uploads\/2024\/11\/2.2-El-lado-legal.png?resize=300%2C169&amp;ssl=1 300w, https:\/\/i0.wp.com\/forhuman.mx\/blog\/wp-content\/uploads\/2024\/11\/2.2-El-lado-legal.png?resize=768%2C433&amp;ssl=1 768w, https:\/\/i0.wp.com\/forhuman.mx\/blog\/wp-content\/uploads\/2024\/11\/2.2-El-lado-legal.png?resize=1536%2C866&amp;ssl=1 1536w, https:\/\/i0.wp.com\/forhuman.mx\/blog\/wp-content\/uploads\/2024\/11\/2.2-El-lado-legal.png?resize=2048%2C1154&amp;ssl=1 2048w\" sizes=\"auto, (max-width: 770px) 100vw, 770px\" \/><\/p>\n<p><span data-contrast=\"auto\">En M\u00e9xico, no existen regulaciones espec\u00edficas que proh\u00edban a las empresas consultar los antecedentes laborales de un candidato; sin embargo, el uso del <\/span><b><span data-contrast=\"auto\">bur\u00f3 laboral<\/span><\/b><span data-contrast=\"auto\"> puede generar controversia.\u00a0<\/span><\/p>\n<p><span data-contrast=\"auto\">Algunas organizaciones lo consultan para reducir el riesgo de contratar a personas que podr\u00edan representar problemas futuros, pero su uso podr\u00eda cuestionarse desde una <\/span><b><span data-contrast=\"auto\">perspectiva \u00e9tica y de derechos laborales<\/span><\/b><span data-contrast=\"auto\">, ya que limitar la contrataci\u00f3n bas\u00e1ndose en estos registros puede considerarse discriminatorio y afectar las oportunidades de los candidatos.<\/span><span data-ccp-props=\"{&quot;134233117&quot;:false,&quot;134233118&quot;:false,&quot;335559738&quot;:240,&quot;335559739&quot;:240}\">\u00a0<\/span><\/p>\n<p><span data-contrast=\"auto\">Adem\u00e1s, cabe se\u00f1alar que esta herramienta suele ser manejado por <\/span><b><span data-contrast=\"auto\">empresas privadas<\/span><\/b><span data-contrast=\"auto\">, lo que hace necesario que las organizaciones revisen bien las fuentes de informaci\u00f3n para asegurarse de que se cumplen las <\/span><b><span data-contrast=\"auto\">leyes de protecci\u00f3n de datos personales.<\/span><\/b><span data-ccp-props=\"{&quot;134233117&quot;:false,&quot;134233118&quot;:false,&quot;335559738&quot;:240,&quot;335559739&quot;:240}\">\u00a0<\/span><\/p>\n<h2><span data-contrast=\"none\">3. Aspectos jur\u00eddicos del bur\u00f3 laboral para empresas<\/span><span data-ccp-props=\"{}\">\u00a0<\/span><\/h2>\n<p><img data-recalc-dims=\"1\" loading=\"lazy\" decoding=\"async\" class=\"aligncenter wp-image-910 size-large\" style=\"font-size: 19px; font-family: ff-more-web-pro, 'PT Serif', Georgia, serif; opacity: 0.84;\" src=\"https:\/\/i0.wp.com\/forhuman.mx\/blog\/wp-content\/uploads\/2024\/11\/2.3-marco-juridico.png?resize=770%2C434&#038;ssl=1\" alt=\"marco-jur\u00eddico-en.mexico\" width=\"770\" height=\"434\" srcset=\"https:\/\/i0.wp.com\/forhuman.mx\/blog\/wp-content\/uploads\/2024\/11\/2.3-marco-juridico.png?resize=1024%2C577&amp;ssl=1 1024w, https:\/\/i0.wp.com\/forhuman.mx\/blog\/wp-content\/uploads\/2024\/11\/2.3-marco-juridico.png?resize=300%2C169&amp;ssl=1 300w, https:\/\/i0.wp.com\/forhuman.mx\/blog\/wp-content\/uploads\/2024\/11\/2.3-marco-juridico.png?resize=768%2C433&amp;ssl=1 768w, https:\/\/i0.wp.com\/forhuman.mx\/blog\/wp-content\/uploads\/2024\/11\/2.3-marco-juridico.png?resize=1536%2C866&amp;ssl=1 1536w, https:\/\/i0.wp.com\/forhuman.mx\/blog\/wp-content\/uploads\/2024\/11\/2.3-marco-juridico.png?resize=2048%2C1154&amp;ssl=1 2048w\" sizes=\"auto, (max-width: 770px) 100vw, 770px\" \/><\/p>\n<p><span data-contrast=\"none\">En M\u00e9xico, el uso del bur\u00f3 laboral es un tema complejo, ya que involucra la protecci\u00f3n de datos personales y los derechos laborales de los candidatos.\u00a0<\/span><\/p>\n<p><span data-contrast=\"none\">La <\/span><b><span data-contrast=\"none\">Ley Federal de Protecci\u00f3n de Datos Personales en Posesi\u00f3n de los Particulares (LFPDPPP)<\/span><\/b><span data-contrast=\"none\"> establece que cualquier dato relacionado con la trayectoria laboral de una persona es informaci\u00f3n personal, y su acceso o uso requiere el consentimiento expl\u00edcito del titular.\u00a0<\/span><span data-ccp-props=\"{}\">\u00a0<\/span><\/p>\n<p><span data-contrast=\"none\">Las empresas que utilicen esta herramienta deben actuar bajo los principios de licitud, consentimiento, informaci\u00f3n, calidad, finalidad, lealtad, proporcionalidad y responsabilidad establecidos en la LFPDPPP para evitar sanciones.<\/span><span data-ccp-props=\"{}\">\u00a0<\/span><\/p>\n<p><span data-contrast=\"none\">El <\/span><b><span data-contrast=\"none\">Instituto Nacional de Transparencia, Acceso a la Informaci\u00f3n y Protecci\u00f3n de Datos Personales (INAI)<\/span><\/b><span data-contrast=\"none\"> es la autoridad encargada de vigilar el cumplimiento de la LFPDPPP y puede imponer sanciones a empresas que incumplan la normativa en el uso de datos personales.\u00a0<\/span><span data-ccp-props=\"{}\">\u00a0<\/span><\/p>\n<p><span data-contrast=\"none\">Las multas pueden oscilar entre 100 y 320,000 veces la Unidad de Medida y Actualizaci\u00f3n (UMA) vigente, dependiendo de la gravedad de la falta. Adem\u00e1s, en casos graves de uso indebido, pueden imponerse sanciones penales que incluyen prisi\u00f3n de tres meses a tres a\u00f1os para quienes manejen datos sin autorizaci\u00f3n o consentimiento.<\/span><span data-ccp-props=\"{}\">\u00a0<\/span><\/p>\n<h2><span data-contrast=\"none\">4. Desventajas de que una empresa utilice el bur\u00f3 laboral<\/span><span data-ccp-props=\"{}\"> <img data-recalc-dims=\"1\" loading=\"lazy\" decoding=\"async\" class=\"aligncenter size-large wp-image-911\" src=\"https:\/\/i0.wp.com\/forhuman.mx\/blog\/wp-content\/uploads\/2024\/11\/2.4-desventajas-del-buro.png?resize=770%2C434&#038;ssl=1\" alt=\"desventajas-del-bur\u00f3-laboral\" width=\"770\" height=\"434\" srcset=\"https:\/\/i0.wp.com\/forhuman.mx\/blog\/wp-content\/uploads\/2024\/11\/2.4-desventajas-del-buro.png?resize=1024%2C577&amp;ssl=1 1024w, https:\/\/i0.wp.com\/forhuman.mx\/blog\/wp-content\/uploads\/2024\/11\/2.4-desventajas-del-buro.png?resize=300%2C169&amp;ssl=1 300w, https:\/\/i0.wp.com\/forhuman.mx\/blog\/wp-content\/uploads\/2024\/11\/2.4-desventajas-del-buro.png?resize=768%2C433&amp;ssl=1 768w, https:\/\/i0.wp.com\/forhuman.mx\/blog\/wp-content\/uploads\/2024\/11\/2.4-desventajas-del-buro.png?resize=1536%2C866&amp;ssl=1 1536w, https:\/\/i0.wp.com\/forhuman.mx\/blog\/wp-content\/uploads\/2024\/11\/2.4-desventajas-del-buro.png?resize=2048%2C1154&amp;ssl=1 2048w\" sizes=\"auto, (max-width: 770px) 100vw, 770px\" \/><\/span><\/h2>\n<p><span data-contrast=\"auto\">El uso de esta herramienta presenta varios <\/span><b><span data-contrast=\"auto\">inconvenientes<\/span><\/b><span data-contrast=\"auto\"> para las empresas, entre los que destacan:<\/span><span data-ccp-props=\"{&quot;134233117&quot;:false,&quot;134233118&quot;:false,&quot;335559685&quot;:0,&quot;335559738&quot;:0,&quot;335559739&quot;:0}\">\u00a0<\/span><\/p>\n<h3><b><span data-contrast=\"auto\">4.1 Riesgo de discriminaci\u00f3n<\/span><\/b><\/h3>\n<p><span data-contrast=\"auto\">Puede exponer a la empresa a ser se\u00f1alada por pr\u00e1cticas discriminatorias, ya que un historial negativo no siempre refleja la realidad del candidato y sus capacidades actuales.<\/span><span data-ccp-props=\"{&quot;134233117&quot;:false,&quot;134233118&quot;:false,&quot;335559738&quot;:0,&quot;335559739&quot;:0}\">\u00a0<\/span><\/p>\n<h3><b><span data-contrast=\"auto\">4.2 Informaci\u00f3n desactualizada o inexacta<\/span><\/b><\/h3>\n<p><span data-contrast=\"auto\">La informaci\u00f3n puede no estar actualizada o ser incorrecta, lo que pone a la empresa en riesgo de descartar a candidatos capacitados por motivos no v\u00e1lidos.<\/span><span data-ccp-props=\"{&quot;134233117&quot;:false,&quot;134233118&quot;:false,&quot;335559738&quot;:0,&quot;335559739&quot;:0}\">\u00a0<\/span><\/p>\n<h3><b><span data-contrast=\"auto\">4.3 Da\u00f1o a la reputaci\u00f3n<\/span><\/b><\/h3>\n<p><span data-contrast=\"auto\">Si la empresa depende excesivamente de esta herramienta, puede percibirse como una organizaci\u00f3n r\u00edgida y poco inclusiva, afectando su imagen ante otros empleados y potenciales candidatos.<\/span><span data-ccp-props=\"{&quot;134233117&quot;:false,&quot;134233118&quot;:false,&quot;335559738&quot;:0,&quot;335559739&quot;:0}\">\u00a0<\/span><\/p>\n<h2><span data-contrast=\"none\">5. \u00bfQu\u00e9 pasa si un candidato est\u00e1 en bur\u00f3 laboral?<\/span><span data-ccp-props=\"{}\"> <img data-recalc-dims=\"1\" loading=\"lazy\" decoding=\"async\" class=\"aligncenter size-large wp-image-912\" src=\"https:\/\/i0.wp.com\/forhuman.mx\/blog\/wp-content\/uploads\/2024\/11\/2.5-Candidatos.png?resize=770%2C434&#038;ssl=1\" alt=\"candidatos-en-bur\u00f3-laboral\" width=\"770\" height=\"434\" srcset=\"https:\/\/i0.wp.com\/forhuman.mx\/blog\/wp-content\/uploads\/2024\/11\/2.5-Candidatos.png?resize=1024%2C577&amp;ssl=1 1024w, https:\/\/i0.wp.com\/forhuman.mx\/blog\/wp-content\/uploads\/2024\/11\/2.5-Candidatos.png?resize=300%2C169&amp;ssl=1 300w, https:\/\/i0.wp.com\/forhuman.mx\/blog\/wp-content\/uploads\/2024\/11\/2.5-Candidatos.png?resize=768%2C433&amp;ssl=1 768w, https:\/\/i0.wp.com\/forhuman.mx\/blog\/wp-content\/uploads\/2024\/11\/2.5-Candidatos.png?resize=1536%2C866&amp;ssl=1 1536w, https:\/\/i0.wp.com\/forhuman.mx\/blog\/wp-content\/uploads\/2024\/11\/2.5-Candidatos.png?resize=2048%2C1154&amp;ssl=1 2048w\" sizes=\"auto, (max-width: 770px) 100vw, 770px\" \/><\/span><\/h2>\n<p><span data-contrast=\"auto\">Cuando un candidato aparece en el bur\u00f3 laboral, esto no significa necesariamente que sea una <\/span><b><span data-contrast=\"auto\">mala contrataci\u00f3n.<\/span><\/b><span data-contrast=\"auto\">\u00a0<\/span><span data-ccp-props=\"{&quot;134233117&quot;:false,&quot;134233118&quot;:false,&quot;335559738&quot;:0,&quot;335559739&quot;:0}\">\u00a0<\/span><\/p>\n<p><span data-contrast=\"auto\">Es importante que las empresas revisen el contexto de la informaci\u00f3n, ya que pueden existir razones v\u00e1lidas o malentendidos que generaron el registro.\u00a0<\/span><span data-ccp-props=\"{&quot;134233117&quot;:false,&quot;134233118&quot;:false,&quot;335559738&quot;:0,&quot;335559739&quot;:0}\">\u00a0<\/span><\/p>\n<p><span data-contrast=\"auto\">En lugar de tomar decisiones inmediatas, es recomendable <\/span><b><span data-contrast=\"auto\">profundizar en los antecedentes<\/span><\/b><span data-contrast=\"auto\"> y considerar si la informaci\u00f3n encontrada es relevante para el puesto.<\/span><span data-ccp-props=\"{&quot;134233117&quot;:false,&quot;134233118&quot;:false,&quot;335559738&quot;:0,&quot;335559739&quot;:0}\">\u00a0<\/span><\/p>\n<h3><span data-contrast=\"none\">6. Conclusi\u00f3n<\/span><span data-ccp-props=\"{}\">\u00a0<\/span><\/h3>\n<p><span data-contrast=\"auto\">El bur\u00f3 laboral es una herramienta que, si bien puede ofrecer informaci\u00f3n adicional sobre un candidato, debe ser <\/span><b><span data-contrast=\"auto\">utilizada con cuidado.<\/span><\/b><span data-contrast=\"auto\"> Cada empresa debe evaluar si su uso es apropiado, legal y \u00e9tico dentro de sus procesos de selecci\u00f3n.\u00a0<\/span><span data-ccp-props=\"{&quot;134233117&quot;:false,&quot;134233118&quot;:false,&quot;335559738&quot;:240,&quot;335559739&quot;:240}\">\u00a0<\/span><\/p>\n<p><span data-contrast=\"auto\">Recuerda que contar con asesor\u00eda jur\u00eddica y una estrategia de contrataci\u00f3n justa no solo proteger\u00e1 a tu empresa legalmente, sino que tambi\u00e9n <\/span><b><span data-contrast=\"auto\">construir\u00e1 una relaci\u00f3n de confianza<\/span><\/b><span data-contrast=\"auto\"> con los futuros colaboradores.<\/span><span data-ccp-props=\"{&quot;134233117&quot;:false,&quot;134233118&quot;:false,&quot;335559738&quot;:240,&quot;335559739&quot;:240}\">\u00a0<\/span><\/p>\n<p><span data-contrast=\"none\">\u00bfQuieres conocer m\u00e1s sobre reclutamiento y sus temas legales laborales?<\/span><span data-contrast=\"auto\"> Visita nuestro <\/span><a href=\"https:\/\/forhuman.mx\/blog\/\"><span data-contrast=\"none\">blog<\/span><\/a><span data-contrast=\"auto\"> para explorar contenido relevante y actual que te ayudar\u00e1 a optimizar tus pr\u00e1cticas empresariales.<\/span><span data-ccp-props=\"{&quot;134233117&quot;:false,&quot;134233118&quot;:false,&quot;335559738&quot;:240,&quot;335559739&quot;:240}\">\u00a0<\/span><\/p>\n","protected":false},"excerpt":{"rendered":"<p>Hoy en d\u00eda, la selecci\u00f3n de candidatos es un proceso cada vez m\u00e1s complejo y estrat\u00e9gico para las empresas.\u00a0\u00a0 En la b\u00fasqueda de talento, algunos empleadores consideran el uso del bur\u00f3 laboral como una herramienta de apoyo.\u00a0\u00a0 Sin embargo, es importante conocer qu\u00e9 implica el bur\u00f3 laboral, si su uso es legal, cu\u00e1les son sus [&hellip;]<\/p>\n","protected":false},"author":1,"featured_media":917,"comment_status":"closed","ping_status":"closed","sticky":false,"template":"","format":"standard","meta":{"_jetpack_memberships_contains_paid_content":false,"footnotes":""},"categories":[28],"tags":[212,11],"class_list":["post-906","post","type-post","status-publish","format-standard","has-post-thumbnail","hentry","category-juridico","tag-buro-laboral","tag-forhuman"],"yoast_head":"<!-- This site is optimized with the Yoast SEO plugin v27.0 - https:\/\/yoast.com\/product\/yoast-seo-wordpress\/ -->\n<title>El bur\u00f3 laboral y lo que toda empresa necesita saber - Forhuman Blog<\/title>\n<meta name=\"description\" content=\"Explora todas las implicaciones del hacer uso del bur\u00f3 laboral en tus procesos de reclutamiento y como afecta a tu empresa.\" \/>\n<meta name=\"robots\" content=\"index, follow, max-snippet:-1, max-image-preview:large, max-video-preview:-1\" \/>\n<link rel=\"canonical\" href=\"https:\/\/forhuman.mx\/blog\/el-buro-laboral-y-lo-que-toda-empresa-necesita-saber\/\" \/>\n<meta property=\"og:locale\" content=\"es_ES\" \/>\n<meta property=\"og:type\" content=\"article\" \/>\n<meta property=\"og:title\" content=\"El bur\u00f3 laboral y lo que toda empresa necesita saber - Forhuman Blog\" \/>\n<meta property=\"og:description\" content=\"Explora todas las implicaciones del hacer uso del bur\u00f3 laboral en tus procesos de reclutamiento y como afecta a tu empresa.\" \/>\n<meta property=\"og:url\" content=\"https:\/\/forhuman.mx\/blog\/el-buro-laboral-y-lo-que-toda-empresa-necesita-saber\/\" \/>\n<meta property=\"og:site_name\" content=\"Forhuman Blog\" \/>\n<meta property=\"article:author\" content=\"facebook.com\/forhumanmx\" \/>\n<meta property=\"article:published_time\" content=\"2024-11-22T17:14:59+00:00\" \/>\n<meta property=\"article:modified_time\" content=\"2024-11-25T14:56:30+00:00\" \/>\n<meta property=\"og:image\" content=\"https:\/\/forhuman.mx\/blog\/wp-content\/uploads\/2024\/11\/Buro-laboral.png\" \/>\n\t<meta property=\"og:image:width\" content=\"1920\" \/>\n\t<meta property=\"og:image:height\" content=\"1080\" \/>\n\t<meta property=\"og:image:type\" content=\"image\/png\" \/>\n<meta name=\"author\" content=\"FORHUMAN\" \/>\n<meta name=\"twitter:card\" content=\"summary_large_image\" \/>\n<meta name=\"twitter:label1\" content=\"Escrito por\" \/>\n\t<meta name=\"twitter:data1\" content=\"FORHUMAN\" \/>\n\t<meta name=\"twitter:label2\" content=\"Tiempo de lectura\" \/>\n\t<meta name=\"twitter:data2\" content=\"5 minutos\" \/>\n<script type=\"application\/ld+json\" class=\"yoast-schema-graph\">{\"@context\":\"https:\/\/schema.org\",\"@graph\":[{\"@type\":\"Article\",\"@id\":\"https:\/\/forhuman.mx\/blog\/el-buro-laboral-y-lo-que-toda-empresa-necesita-saber\/#article\",\"isPartOf\":{\"@id\":\"https:\/\/forhuman.mx\/blog\/el-buro-laboral-y-lo-que-toda-empresa-necesita-saber\/\"},\"author\":{\"name\":\"FORHUMAN\",\"@id\":\"https:\/\/forhuman.mx\/blog\/#\/schema\/person\/851f2ffcb147a58cc67286c04fb6bda0\"},\"headline\":\"El bur\u00f3 laboral y lo que toda empresa necesita saber\",\"datePublished\":\"2024-11-22T17:14:59+00:00\",\"dateModified\":\"2024-11-25T14:56:30+00:00\",\"mainEntityOfPage\":{\"@id\":\"https:\/\/forhuman.mx\/blog\/el-buro-laboral-y-lo-que-toda-empresa-necesita-saber\/\"},\"wordCount\":863,\"publisher\":{\"@id\":\"https:\/\/forhuman.mx\/blog\/#organization\"},\"image\":{\"@id\":\"https:\/\/forhuman.mx\/blog\/el-buro-laboral-y-lo-que-toda-empresa-necesita-saber\/#primaryimage\"},\"thumbnailUrl\":\"https:\/\/i0.wp.com\/forhuman.mx\/blog\/wp-content\/uploads\/2024\/11\/Buro-laboral.png?fit=1920%2C1080&ssl=1\",\"keywords\":[\"bur\u00f3 laboral\",\"Forhuman\"],\"articleSection\":[\"Jur\u00eddico\"],\"inLanguage\":\"es\"},{\"@type\":\"WebPage\",\"@id\":\"https:\/\/forhuman.mx\/blog\/el-buro-laboral-y-lo-que-toda-empresa-necesita-saber\/\",\"url\":\"https:\/\/forhuman.mx\/blog\/el-buro-laboral-y-lo-que-toda-empresa-necesita-saber\/\",\"name\":\"El bur\u00f3 laboral y lo que toda empresa necesita saber - Forhuman Blog\",\"isPartOf\":{\"@id\":\"https:\/\/forhuman.mx\/blog\/#website\"},\"primaryImageOfPage\":{\"@id\":\"https:\/\/forhuman.mx\/blog\/el-buro-laboral-y-lo-que-toda-empresa-necesita-saber\/#primaryimage\"},\"image\":{\"@id\":\"https:\/\/forhuman.mx\/blog\/el-buro-laboral-y-lo-que-toda-empresa-necesita-saber\/#primaryimage\"},\"thumbnailUrl\":\"https:\/\/i0.wp.com\/forhuman.mx\/blog\/wp-content\/uploads\/2024\/11\/Buro-laboral.png?fit=1920%2C1080&ssl=1\",\"datePublished\":\"2024-11-22T17:14:59+00:00\",\"dateModified\":\"2024-11-25T14:56:30+00:00\",\"description\":\"Explora todas las implicaciones del hacer uso del bur\u00f3 laboral en tus procesos de reclutamiento y como afecta a tu empresa.\",\"breadcrumb\":{\"@id\":\"https:\/\/forhuman.mx\/blog\/el-buro-laboral-y-lo-que-toda-empresa-necesita-saber\/#breadcrumb\"},\"inLanguage\":\"es\",\"potentialAction\":[{\"@type\":\"ReadAction\",\"target\":[\"https:\/\/forhuman.mx\/blog\/el-buro-laboral-y-lo-que-toda-empresa-necesita-saber\/\"]}]},{\"@type\":\"ImageObject\",\"inLanguage\":\"es\",\"@id\":\"https:\/\/forhuman.mx\/blog\/el-buro-laboral-y-lo-que-toda-empresa-necesita-saber\/#primaryimage\",\"url\":\"https:\/\/i0.wp.com\/forhuman.mx\/blog\/wp-content\/uploads\/2024\/11\/Buro-laboral.png?fit=1920%2C1080&ssl=1\",\"contentUrl\":\"https:\/\/i0.wp.com\/forhuman.mx\/blog\/wp-content\/uploads\/2024\/11\/Buro-laboral.png?fit=1920%2C1080&ssl=1\",\"width\":1920,\"height\":1080},{\"@type\":\"BreadcrumbList\",\"@id\":\"https:\/\/forhuman.mx\/blog\/el-buro-laboral-y-lo-que-toda-empresa-necesita-saber\/#breadcrumb\",\"itemListElement\":[{\"@type\":\"ListItem\",\"position\":1,\"name\":\"Portada\",\"item\":\"https:\/\/forhuman.mx\/blog\/\"},{\"@type\":\"ListItem\",\"position\":2,\"name\":\"El bur\u00f3 laboral y lo que toda empresa necesita saber\"}]},{\"@type\":\"WebSite\",\"@id\":\"https:\/\/forhuman.mx\/blog\/#website\",\"url\":\"https:\/\/forhuman.mx\/blog\/\",\"name\":\"Forhuman Blog\",\"description\":\"Reclutamos y seleccionamos talento para las empresas, contribuyendo a su humanizaci\u00f3n mediante nuestros servicios especializados, de estructura y defensa legal laboral.\",\"publisher\":{\"@id\":\"https:\/\/forhuman.mx\/blog\/#organization\"},\"potentialAction\":[{\"@type\":\"SearchAction\",\"target\":{\"@type\":\"EntryPoint\",\"urlTemplate\":\"https:\/\/forhuman.mx\/blog\/?s={search_term_string}\"},\"query-input\":{\"@type\":\"PropertyValueSpecification\",\"valueRequired\":true,\"valueName\":\"search_term_string\"}}],\"inLanguage\":\"es\"},{\"@type\":\"Organization\",\"@id\":\"https:\/\/forhuman.mx\/blog\/#organization\",\"name\":\"Forhuman Blog\",\"url\":\"https:\/\/forhuman.mx\/blog\/\",\"logo\":{\"@type\":\"ImageObject\",\"inLanguage\":\"es\",\"@id\":\"https:\/\/forhuman.mx\/blog\/#\/schema\/logo\/image\/\",\"url\":\"https:\/\/i0.wp.com\/forhuman.mx\/blog\/wp-content\/uploads\/2023\/08\/logo.png?fit=571%2C110&ssl=1\",\"contentUrl\":\"https:\/\/i0.wp.com\/forhuman.mx\/blog\/wp-content\/uploads\/2023\/08\/logo.png?fit=571%2C110&ssl=1\",\"width\":571,\"height\":110,\"caption\":\"Forhuman Blog\"},\"image\":{\"@id\":\"https:\/\/forhuman.mx\/blog\/#\/schema\/logo\/image\/\"}},{\"@type\":\"Person\",\"@id\":\"https:\/\/forhuman.mx\/blog\/#\/schema\/person\/851f2ffcb147a58cc67286c04fb6bda0\",\"name\":\"FORHUMAN\",\"image\":{\"@type\":\"ImageObject\",\"inLanguage\":\"es\",\"@id\":\"https:\/\/forhuman.mx\/blog\/#\/schema\/person\/image\/\",\"url\":\"https:\/\/i0.wp.com\/forhuman.mx\/blog\/wp-content\/uploads\/2023\/08\/logo-cuadrado-fondo-negro.png?fit=96%2C87&#038;ssl=1\",\"contentUrl\":\"https:\/\/i0.wp.com\/forhuman.mx\/blog\/wp-content\/uploads\/2023\/08\/logo-cuadrado-fondo-negro.png?fit=96%2C87&#038;ssl=1\",\"caption\":\"FORHUMAN\"},\"description\":\"Reclutamos y seleccionamos talento para las empresas, contribuyendo a su humanizaci\u00f3n mediante nuestros servicios especializados, de estructura y defensa legal laboral.\",\"sameAs\":[\"https:\/\/forhuman.mx\",\"facebook.com\/forhumanmx\",\"instagram.com\/forhumanmx\/\",\"linkedin.com\/company\/forhuman\/\",\"https:\/\/youtube.com\/channel\/UCJwyZnzZ9PNvOhl4siylFGQ\"],\"url\":\"https:\/\/forhuman.mx\/blog\/author\/forhumanmkt\/\"}]}<\/script>\n<!-- \/ Yoast SEO plugin. -->","yoast_head_json":{"title":"El bur\u00f3 laboral y lo que toda empresa necesita saber - Forhuman Blog","description":"Explora todas las implicaciones del hacer uso del bur\u00f3 laboral en tus procesos de reclutamiento y como afecta a tu empresa.","robots":{"index":"index","follow":"follow","max-snippet":"max-snippet:-1","max-image-preview":"max-image-preview:large","max-video-preview":"max-video-preview:-1"},"canonical":"https:\/\/forhuman.mx\/blog\/el-buro-laboral-y-lo-que-toda-empresa-necesita-saber\/","og_locale":"es_ES","og_type":"article","og_title":"El bur\u00f3 laboral y lo que toda empresa necesita saber - Forhuman Blog","og_description":"Explora todas las implicaciones del hacer uso del bur\u00f3 laboral en tus procesos de reclutamiento y como afecta a tu empresa.","og_url":"https:\/\/forhuman.mx\/blog\/el-buro-laboral-y-lo-que-toda-empresa-necesita-saber\/","og_site_name":"Forhuman Blog","article_author":"facebook.com\/forhumanmx","article_published_time":"2024-11-22T17:14:59+00:00","article_modified_time":"2024-11-25T14:56:30+00:00","og_image":[{"width":1920,"height":1080,"url":"https:\/\/forhuman.mx\/blog\/wp-content\/uploads\/2024\/11\/Buro-laboral.png","type":"image\/png"}],"author":"FORHUMAN","twitter_card":"summary_large_image","twitter_misc":{"Escrito por":"FORHUMAN","Tiempo de lectura":"5 minutos"},"schema":{"@context":"https:\/\/schema.org","@graph":[{"@type":"Article","@id":"https:\/\/forhuman.mx\/blog\/el-buro-laboral-y-lo-que-toda-empresa-necesita-saber\/#article","isPartOf":{"@id":"https:\/\/forhuman.mx\/blog\/el-buro-laboral-y-lo-que-toda-empresa-necesita-saber\/"},"author":{"name":"FORHUMAN","@id":"https:\/\/forhuman.mx\/blog\/#\/schema\/person\/851f2ffcb147a58cc67286c04fb6bda0"},"headline":"El bur\u00f3 laboral y lo que toda empresa necesita saber","datePublished":"2024-11-22T17:14:59+00:00","dateModified":"2024-11-25T14:56:30+00:00","mainEntityOfPage":{"@id":"https:\/\/forhuman.mx\/blog\/el-buro-laboral-y-lo-que-toda-empresa-necesita-saber\/"},"wordCount":863,"publisher":{"@id":"https:\/\/forhuman.mx\/blog\/#organization"},"image":{"@id":"https:\/\/forhuman.mx\/blog\/el-buro-laboral-y-lo-que-toda-empresa-necesita-saber\/#primaryimage"},"thumbnailUrl":"https:\/\/i0.wp.com\/forhuman.mx\/blog\/wp-content\/uploads\/2024\/11\/Buro-laboral.png?fit=1920%2C1080&ssl=1","keywords":["bur\u00f3 laboral","Forhuman"],"articleSection":["Jur\u00eddico"],"inLanguage":"es"},{"@type":"WebPage","@id":"https:\/\/forhuman.mx\/blog\/el-buro-laboral-y-lo-que-toda-empresa-necesita-saber\/","url":"https:\/\/forhuman.mx\/blog\/el-buro-laboral-y-lo-que-toda-empresa-necesita-saber\/","name":"El bur\u00f3 laboral y lo que toda empresa necesita saber - Forhuman Blog","isPartOf":{"@id":"https:\/\/forhuman.mx\/blog\/#website"},"primaryImageOfPage":{"@id":"https:\/\/forhuman.mx\/blog\/el-buro-laboral-y-lo-que-toda-empresa-necesita-saber\/#primaryimage"},"image":{"@id":"https:\/\/forhuman.mx\/blog\/el-buro-laboral-y-lo-que-toda-empresa-necesita-saber\/#primaryimage"},"thumbnailUrl":"https:\/\/i0.wp.com\/forhuman.mx\/blog\/wp-content\/uploads\/2024\/11\/Buro-laboral.png?fit=1920%2C1080&ssl=1","datePublished":"2024-11-22T17:14:59+00:00","dateModified":"2024-11-25T14:56:30+00:00","description":"Explora todas las implicaciones del hacer uso del bur\u00f3 laboral en tus procesos de reclutamiento y como afecta a tu empresa.","breadcrumb":{"@id":"https:\/\/forhuman.mx\/blog\/el-buro-laboral-y-lo-que-toda-empresa-necesita-saber\/#breadcrumb"},"inLanguage":"es","potentialAction":[{"@type":"ReadAction","target":["https:\/\/forhuman.mx\/blog\/el-buro-laboral-y-lo-que-toda-empresa-necesita-saber\/"]}]},{"@type":"ImageObject","inLanguage":"es","@id":"https:\/\/forhuman.mx\/blog\/el-buro-laboral-y-lo-que-toda-empresa-necesita-saber\/#primaryimage","url":"https:\/\/i0.wp.com\/forhuman.mx\/blog\/wp-content\/uploads\/2024\/11\/Buro-laboral.png?fit=1920%2C1080&ssl=1","contentUrl":"https:\/\/i0.wp.com\/forhuman.mx\/blog\/wp-content\/uploads\/2024\/11\/Buro-laboral.png?fit=1920%2C1080&ssl=1","width":1920,"height":1080},{"@type":"BreadcrumbList","@id":"https:\/\/forhuman.mx\/blog\/el-buro-laboral-y-lo-que-toda-empresa-necesita-saber\/#breadcrumb","itemListElement":[{"@type":"ListItem","position":1,"name":"Portada","item":"https:\/\/forhuman.mx\/blog\/"},{"@type":"ListItem","position":2,"name":"El bur\u00f3 laboral y lo que toda empresa necesita saber"}]},{"@type":"WebSite","@id":"https:\/\/forhuman.mx\/blog\/#website","url":"https:\/\/forhuman.mx\/blog\/","name":"Forhuman Blog","description":"Reclutamos y seleccionamos talento para las empresas, contribuyendo a su humanizaci\u00f3n mediante nuestros servicios especializados, de estructura y defensa legal laboral.","publisher":{"@id":"https:\/\/forhuman.mx\/blog\/#organization"},"potentialAction":[{"@type":"SearchAction","target":{"@type":"EntryPoint","urlTemplate":"https:\/\/forhuman.mx\/blog\/?s={search_term_string}"},"query-input":{"@type":"PropertyValueSpecification","valueRequired":true,"valueName":"search_term_string"}}],"inLanguage":"es"},{"@type":"Organization","@id":"https:\/\/forhuman.mx\/blog\/#organization","name":"Forhuman Blog","url":"https:\/\/forhuman.mx\/blog\/","logo":{"@type":"ImageObject","inLanguage":"es","@id":"https:\/\/forhuman.mx\/blog\/#\/schema\/logo\/image\/","url":"https:\/\/i0.wp.com\/forhuman.mx\/blog\/wp-content\/uploads\/2023\/08\/logo.png?fit=571%2C110&ssl=1","contentUrl":"https:\/\/i0.wp.com\/forhuman.mx\/blog\/wp-content\/uploads\/2023\/08\/logo.png?fit=571%2C110&ssl=1","width":571,"height":110,"caption":"Forhuman Blog"},"image":{"@id":"https:\/\/forhuman.mx\/blog\/#\/schema\/logo\/image\/"}},{"@type":"Person","@id":"https:\/\/forhuman.mx\/blog\/#\/schema\/person\/851f2ffcb147a58cc67286c04fb6bda0","name":"FORHUMAN","image":{"@type":"ImageObject","inLanguage":"es","@id":"https:\/\/forhuman.mx\/blog\/#\/schema\/person\/image\/","url":"https:\/\/i0.wp.com\/forhuman.mx\/blog\/wp-content\/uploads\/2023\/08\/logo-cuadrado-fondo-negro.png?fit=96%2C87&#038;ssl=1","contentUrl":"https:\/\/i0.wp.com\/forhuman.mx\/blog\/wp-content\/uploads\/2023\/08\/logo-cuadrado-fondo-negro.png?fit=96%2C87&#038;ssl=1","caption":"FORHUMAN"},"description":"Reclutamos y seleccionamos talento para las empresas, contribuyendo a su humanizaci\u00f3n mediante nuestros servicios especializados, de estructura y defensa legal laboral.","sameAs":["https:\/\/forhuman.mx","facebook.com\/forhumanmx","instagram.com\/forhumanmx\/","linkedin.com\/company\/forhuman\/","https:\/\/youtube.com\/channel\/UCJwyZnzZ9PNvOhl4siylFGQ"],"url":"https:\/\/forhuman.mx\/blog\/author\/forhumanmkt\/"}]}},"jetpack_featured_media_url":"https:\/\/i0.wp.com\/forhuman.mx\/blog\/wp-content\/uploads\/2024\/11\/Buro-laboral.png?fit=1920%2C1080&ssl=1","jetpack_sharing_enabled":true,"jetpack-related-posts":[{"id":376,"url":"https:\/\/forhuman.mx\/blog\/estudio-socioeconomico-laboral\/","url_meta":{"origin":906,"position":0},"title":"\u00bfQu\u00e9 es el estudio socioecon\u00f3mico laboral y c\u00f3mo te beneficia?","author":"FORHUMAN","date":"3 de noviembre de 2023","format":false,"excerpt":"M\u00e1s all\u00e1 de revisar curr\u00edculums, los reclutadores implementan el estudio socioecon\u00f3mico laboral como una herramienta adicional para elegir al mejor candidato. Y es que seg\u00fan datos de \u201cEl Economista\u201d, la mitad de los mexicanos miente a la hora de postularse a una vacante.\u00a0 Para evitar equivocaciones por reclutar a un\u2026","rel":"","context":"En \u00abCapital Humano\u00bb","block_context":{"text":"Capital Humano","link":"https:\/\/forhuman.mx\/blog\/category\/capital-humano\/"},"img":{"alt_text":"","src":"https:\/\/i0.wp.com\/forhuman.mx\/blog\/wp-content\/uploads\/2023\/11\/estudio-socioeconomico-laboral-que-es-y-para-que-sirve.jpg?fit=1200%2C675&ssl=1&resize=350%2C200","width":350,"height":200,"srcset":"https:\/\/i0.wp.com\/forhuman.mx\/blog\/wp-content\/uploads\/2023\/11\/estudio-socioeconomico-laboral-que-es-y-para-que-sirve.jpg?fit=1200%2C675&ssl=1&resize=350%2C200 1x, https:\/\/i0.wp.com\/forhuman.mx\/blog\/wp-content\/uploads\/2023\/11\/estudio-socioeconomico-laboral-que-es-y-para-que-sirve.jpg?fit=1200%2C675&ssl=1&resize=525%2C300 1.5x, https:\/\/i0.wp.com\/forhuman.mx\/blog\/wp-content\/uploads\/2023\/11\/estudio-socioeconomico-laboral-que-es-y-para-que-sirve.jpg?fit=1200%2C675&ssl=1&resize=700%2C400 2x, https:\/\/i0.wp.com\/forhuman.mx\/blog\/wp-content\/uploads\/2023\/11\/estudio-socioeconomico-laboral-que-es-y-para-que-sirve.jpg?fit=1200%2C675&ssl=1&resize=1050%2C600 3x"},"classes":[]},{"id":384,"url":"https:\/\/forhuman.mx\/blog\/que-es-el-ghosting-laboral\/","url_meta":{"origin":906,"position":1},"title":"Qu\u00e9 es el ghosting laboral y por qu\u00e9 desaparecen tus candidatos","author":"FORHUMAN","date":"3 de noviembre de 2023","format":false,"excerpt":"\u00bfTus candidatos te han dejado en visto? Existe un t\u00e9rmino que ha trascendido \u00faltimamente en el \u00e1rea de recursos humanos de las empresas: \u201cGhosting laboral\u201d, pero, \u00bfqu\u00e9 es el ghosting laboral y por qu\u00e9 deber\u00edas de prestar atenci\u00f3n? Para comenzar el hecho de que los candidatos desaparezcan no s\u00f3lo impacta\u2026","rel":"","context":"En \u00abBlog\u00bb","block_context":{"text":"Blog","link":"https:\/\/forhuman.mx\/blog\/category\/blog\/"},"img":{"alt_text":"","src":"https:\/\/i0.wp.com\/forhuman.mx\/blog\/wp-content\/uploads\/2023\/11\/Que-es-el-ghosting-laboral-y-por-que-desaparecen-tus-candidatos.jpg?fit=1200%2C673&ssl=1&resize=350%2C200","width":350,"height":200,"srcset":"https:\/\/i0.wp.com\/forhuman.mx\/blog\/wp-content\/uploads\/2023\/11\/Que-es-el-ghosting-laboral-y-por-que-desaparecen-tus-candidatos.jpg?fit=1200%2C673&ssl=1&resize=350%2C200 1x, https:\/\/i0.wp.com\/forhuman.mx\/blog\/wp-content\/uploads\/2023\/11\/Que-es-el-ghosting-laboral-y-por-que-desaparecen-tus-candidatos.jpg?fit=1200%2C673&ssl=1&resize=525%2C300 1.5x, https:\/\/i0.wp.com\/forhuman.mx\/blog\/wp-content\/uploads\/2023\/11\/Que-es-el-ghosting-laboral-y-por-que-desaparecen-tus-candidatos.jpg?fit=1200%2C673&ssl=1&resize=700%2C400 2x, https:\/\/i0.wp.com\/forhuman.mx\/blog\/wp-content\/uploads\/2023\/11\/Que-es-el-ghosting-laboral-y-por-que-desaparecen-tus-candidatos.jpg?fit=1200%2C673&ssl=1&resize=1050%2C600 3x"},"classes":[]},{"id":1098,"url":"https:\/\/forhuman.mx\/blog\/entrevistas-laborales-tipos-y-caracteristicas\/","url_meta":{"origin":906,"position":2},"title":"Entrevistas laborales: tipos y caracter\u00edsticas","author":"FORHUMAN","date":"30 de mayo de 2025","format":false,"excerpt":"Las entrevistas laborales son un paso clave en cualquier proceso de selecci\u00f3n. Son el momento en que empresas y candidatos tienen la oportunidad de conocerse m\u00e1s all\u00e1 de lo que muestra un curr\u00edculum o una descripci\u00f3n de puesto. Para muchos, este encuentro puede generar nervios o dudas, tanto si est\u00e1s\u2026","rel":"","context":"En \u00abCapital Humano\u00bb","block_context":{"text":"Capital Humano","link":"https:\/\/forhuman.mx\/blog\/category\/capital-humano\/"},"img":{"alt_text":"guia-para-dominar-las-entrevistas-laborales","src":"https:\/\/i0.wp.com\/forhuman.mx\/blog\/wp-content\/uploads\/2025\/05\/guia-para-dominar-las-entrevistas-laborales.png?fit=1200%2C675&ssl=1&resize=350%2C200","width":350,"height":200,"srcset":"https:\/\/i0.wp.com\/forhuman.mx\/blog\/wp-content\/uploads\/2025\/05\/guia-para-dominar-las-entrevistas-laborales.png?fit=1200%2C675&ssl=1&resize=350%2C200 1x, https:\/\/i0.wp.com\/forhuman.mx\/blog\/wp-content\/uploads\/2025\/05\/guia-para-dominar-las-entrevistas-laborales.png?fit=1200%2C675&ssl=1&resize=525%2C300 1.5x, https:\/\/i0.wp.com\/forhuman.mx\/blog\/wp-content\/uploads\/2025\/05\/guia-para-dominar-las-entrevistas-laborales.png?fit=1200%2C675&ssl=1&resize=700%2C400 2x, https:\/\/i0.wp.com\/forhuman.mx\/blog\/wp-content\/uploads\/2025\/05\/guia-para-dominar-las-entrevistas-laborales.png?fit=1200%2C675&ssl=1&resize=1050%2C600 3x"},"classes":[]},{"id":204,"url":"https:\/\/forhuman.mx\/blog\/que-relacion-existe-entre-un-empleado-y-un-empleador\/","url_meta":{"origin":906,"position":3},"title":"\u00bfQu\u00e9 relaci\u00f3n existe entre un empleado y un empleador?","author":"FORHUMAN","date":"4 de febrero de 2023","format":false,"excerpt":"Cuando un nuevo empleado se incorpora a una empresa se genera una nueva relaci\u00f3n laboral. En esta din\u00e1mica se involucran aspectos tanto legales como interpersonales. Pero en realidad \u00bfQu\u00e9 relaci\u00f3n existe entre un empleado y empleador? En este blog te contamos al respecto. El inicio de una nueva relaci\u00f3n. Desde\u2026","rel":"","context":"En \u00abJur\u00eddico\u00bb","block_context":{"text":"Jur\u00eddico","link":"https:\/\/forhuman.mx\/blog\/category\/juridico\/"},"img":{"alt_text":"","src":"","width":0,"height":0},"classes":[]},{"id":1155,"url":"https:\/\/forhuman.mx\/blog\/demanda-laboral-consecuencias-y-como-prevenirlas\/","url_meta":{"origin":906,"position":4},"title":"Demanda laboral: Consecuencias y c\u00f3mo prevenirlas","author":"FORHUMAN","date":"8 de julio de 2025","format":false,"excerpt":"Las demandas laborales no ocurren de la noche a la ma\u00f1ana. En la mayor\u00eda de los casos, existen se\u00f1ales que pueden advertir sobre un posible conflicto, pero que muchas empresas pasan por alto o no saben interpretar.\u00a0 Una demanda laboral puede representar mucho m\u00e1s que un inconveniente legal. Las consecuencias\u2026","rel":"","context":"En \u00abJur\u00eddico\u00bb","block_context":{"text":"Jur\u00eddico","link":"https:\/\/forhuman.mx\/blog\/category\/juridico\/"},"img":{"alt_text":"\u00bfQu\u00e9 consecuencias tiene una demanda laboral para tu empresa?","src":"https:\/\/i0.wp.com\/forhuman.mx\/blog\/wp-content\/uploads\/2025\/07\/Blog-1.1-Julio.jpg?fit=1200%2C675&ssl=1&resize=350%2C200","width":350,"height":200,"srcset":"https:\/\/i0.wp.com\/forhuman.mx\/blog\/wp-content\/uploads\/2025\/07\/Blog-1.1-Julio.jpg?fit=1200%2C675&ssl=1&resize=350%2C200 1x, https:\/\/i0.wp.com\/forhuman.mx\/blog\/wp-content\/uploads\/2025\/07\/Blog-1.1-Julio.jpg?fit=1200%2C675&ssl=1&resize=525%2C300 1.5x, https:\/\/i0.wp.com\/forhuman.mx\/blog\/wp-content\/uploads\/2025\/07\/Blog-1.1-Julio.jpg?fit=1200%2C675&ssl=1&resize=700%2C400 2x, https:\/\/i0.wp.com\/forhuman.mx\/blog\/wp-content\/uploads\/2025\/07\/Blog-1.1-Julio.jpg?fit=1200%2C675&ssl=1&resize=1050%2C600 3x"},"classes":[]},{"id":1027,"url":"https:\/\/forhuman.mx\/blog\/auditoria-laboral-que-es-y-como-ayuda-a-tu-empresa\/","url_meta":{"origin":906,"position":5},"title":"Auditor\u00eda laboral: Qu\u00e9 es y c\u00f3mo ayuda a tu empresa","author":"FORHUMAN","date":"7 de marzo de 2025","format":false,"excerpt":"La auditor\u00eda laboral es una herramienta clave para que las empresas operen con seguridad y cumplan con la normativa vigente.\u00a0 Imagina que tienes una empresa y, de un d\u00eda para otro, recibes una inspecci\u00f3n sorpresa. Conf\u00edas en que todo est\u00e1 en regla, pero descubres que hay fallas en los contratos.\u2026","rel":"","context":"En \u00abJur\u00eddico\u00bb","block_context":{"text":"Jur\u00eddico","link":"https:\/\/forhuman.mx\/blog\/category\/juridico\/"},"img":{"alt_text":"Auditor\u00eda laboral: Qu\u00e9 es y c\u00f3mo ayuda a tu empresa","src":"https:\/\/i0.wp.com\/forhuman.mx\/blog\/wp-content\/uploads\/2025\/03\/1.1-Blog-Marzo.jpg?fit=1200%2C675&ssl=1&resize=350%2C200","width":350,"height":200,"srcset":"https:\/\/i0.wp.com\/forhuman.mx\/blog\/wp-content\/uploads\/2025\/03\/1.1-Blog-Marzo.jpg?fit=1200%2C675&ssl=1&resize=350%2C200 1x, https:\/\/i0.wp.com\/forhuman.mx\/blog\/wp-content\/uploads\/2025\/03\/1.1-Blog-Marzo.jpg?fit=1200%2C675&ssl=1&resize=525%2C300 1.5x, https:\/\/i0.wp.com\/forhuman.mx\/blog\/wp-content\/uploads\/2025\/03\/1.1-Blog-Marzo.jpg?fit=1200%2C675&ssl=1&resize=700%2C400 2x, https:\/\/i0.wp.com\/forhuman.mx\/blog\/wp-content\/uploads\/2025\/03\/1.1-Blog-Marzo.jpg?fit=1200%2C675&ssl=1&resize=1050%2C600 3x"},"classes":[]}],"_links":{"self":[{"href":"https:\/\/forhuman.mx\/blog\/wp-json\/wp\/v2\/posts\/906","targetHints":{"allow":["GET"]}}],"collection":[{"href":"https:\/\/forhuman.mx\/blog\/wp-json\/wp\/v2\/posts"}],"about":[{"href":"https:\/\/forhuman.mx\/blog\/wp-json\/wp\/v2\/types\/post"}],"author":[{"embeddable":true,"href":"https:\/\/forhuman.mx\/blog\/wp-json\/wp\/v2\/users\/1"}],"replies":[{"embeddable":true,"href":"https:\/\/forhuman.mx\/blog\/wp-json\/wp\/v2\/comments?post=906"}],"version-history":[{"count":5,"href":"https:\/\/forhuman.mx\/blog\/wp-json\/wp\/v2\/posts\/906\/revisions"}],"predecessor-version":[{"id":916,"href":"https:\/\/forhuman.mx\/blog\/wp-json\/wp\/v2\/posts\/906\/revisions\/916"}],"wp:featuredmedia":[{"embeddable":true,"href":"https:\/\/forhuman.mx\/blog\/wp-json\/wp\/v2\/media\/917"}],"wp:attachment":[{"href":"https:\/\/forhuman.mx\/blog\/wp-json\/wp\/v2\/media?parent=906"}],"wp:term":[{"taxonomy":"category","embeddable":true,"href":"https:\/\/forhuman.mx\/blog\/wp-json\/wp\/v2\/categories?post=906"},{"taxonomy":"post_tag","embeddable":true,"href":"https:\/\/forhuman.mx\/blog\/wp-json\/wp\/v2\/tags?post=906"}],"curies":[{"name":"wp","href":"https:\/\/api.w.org\/{rel}","templated":true}]}}